{"id":8886,"date":"2018-02-12T17:26:00","date_gmt":"2018-02-12T16:26:00","guid":{"rendered":"http:\/\/www.gymhorice.cz\/?p=8886"},"modified":"2018-02-15T18:03:26","modified_gmt":"2018-02-15T17:03:26","slug":"vazeni-ctenari-horickych-obcasnych-novin","status":"publish","type":"post","link":"https:\/\/www.gymhorice.cz\/?p=8886","title":{"rendered":"Takov\u00ed jsme"},"content":{"rendered":"<p><em>(Ps\u00e1no pro Ho\u0159ick\u00e9 ob\u010dasn\u00e9 noviny)<\/em><\/p>\n<p>U\u017e \u010dtvrt\u00fdm rokem m\u00e1me v&nbsp;na\u0161em m\u011bst\u011b Ho\u0159ick\u00e9 gymn\u00e1zium, st\u00e1le pom\u011brn\u011b novou nest\u00e1tn\u00ed st\u0159edn\u00ed \u0161kolu. S&nbsp;p\u0159\u00edchodem nov\u00e9ho kalend\u00e1\u0159n\u00edho roku si jako jeden ze z\u0159izovatel\u016f t\u00e9to ho\u0159ick\u00e9 \u0161koly, jako jej\u00ed \u0159editelka, u\u010ditelka a&nbsp;doned\u00e1vna tak\u00e9 rodi\u010d dovol\u00edm jak\u00e9si bilan\u010dn\u00ed ohl\u00e9dnut\u00ed.<\/p>\n<p>\u0160kolu se poda\u0159ilo zalo\u017eit, resp. zapsat do rejst\u0159\u00edku \u0161kol v&nbsp;\u010dervenci 2014. P\u0159edch\u00e1zela tomu dvoulet\u00e1 intenzivn\u00ed pr\u00e1ce \u00fazk\u00e9 p\u0159\u00edpravn\u00e9 skupiny slo\u017een\u00e9 p\u0159ev\u00e1\u017en\u011b z&nbsp;u\u010ditel\u016f st\u00e1tn\u00edho gymn\u00e1zia, kter\u00e9 bylo sou\u010d\u00e1st\u00ed ho\u0159ick\u00e9ho st\u0159edn\u00edho sou\u0161kol\u00ed. Vedly n\u00e1s k&nbsp;tomu p\u0159edev\u0161\u00edm osobn\u00ed a&nbsp;profesn\u00ed d\u016fvody.<br \/>\nZ&nbsp;t\u011bch profesn\u00edch to byl z\u00e1m\u011br vr\u00e1tit Ho\u0159ic\u00edm samostatn\u00e9 gymn\u00e1zium a&nbsp;z\u00e1rove\u0148 s&nbsp;t\u00edm jsme do na\u0161\u00ed oblasti cht\u011bli p\u0159iv\u00e9st alternativn\u00ed formu v\u0161eobecn\u00e9ho vzd\u011bl\u00e1v\u00e1n\u00ed, v&nbsp;jin\u00fdch regionech u\u017e existuj\u00edc\u00ed. \u0160kolu jsme se rozhodli zalo\u017eit v&nbsp;dob\u011b, kdy se nov\u00e9 \u0161koly, zvl\u00e1\u0161t\u011b ty st\u0159edn\u00ed, nepovolovaly (ostatn\u011b ani te\u010f to nen\u00ed jin\u00e9), a&nbsp;\u00fa\u0159ady d\u011blaly, co mohly, abychom nevznikli. P\u0159ese v\u0161echny obstrukce se tenkr\u00e1t poda\u0159ilo i&nbsp;d\u00edky velk\u00e9 podpo\u0159e Ho\u0159i\u010d\u00e1k\u016f, v\u010detn\u011b v\u011bt\u0161iny tehdej\u0161\u00edch m\u011bstsk\u00fdch zastupitel\u016f, \u0161kolu nejen z\u0159\u00eddit, ale od z\u00e1\u0159\u00ed 2014 skute\u010dn\u011b rozjet. Pr\u00e1ce a&nbsp;osobn\u00edho \u00fasil\u00ed za t\u00edm bylo z&nbsp;na\u0161\u00ed zakladatelsk\u00e9 strany mnoho, ale bez d\u016fv\u011bry prvn\u00edch student\u016f a&nbsp;jejich rodi\u010d\u016f bychom \u0161kolu neotev\u0159eli.<\/p>\n<p>Prvn\u00ed dva roky byly ty nejt\u011b\u017e\u0161\u00ed: na jedn\u00e9 stran\u011b tu byla velk\u00e1 radost z&nbsp;nov\u00fdch mo\u017enost\u00ed, nad\u0161en\u00ed studenti, skv\u011bl\u00ed rodi\u010de, nov\u00fd u\u010debn\u00ed program a&nbsp;nov\u00e9 postupy, na stran\u011b druh\u00e9 pak \u017e\u00e1dn\u00e9 nebo miziv\u00e9 materi\u00e1ln\u00ed a&nbsp;finan\u010dn\u00ed z\u00e1zem\u00ed, ned\u016fv\u011bra, zpochyb\u0148ov\u00e1n\u00ed na\u0161\u00ed pr\u00e1ce, pomluvy.<br \/>\nK&nbsp;p\u0159ij\u00edmac\u00edm zkou\u0161k\u00e1m p\u0159i\u0161lo na ja\u0159e 2015 jen n\u011bkolik student\u016f\u2026<\/p>\n<p>O nest\u00e1tn\u00edch \u0161kol\u00e1ch koluj\u00ed nep\u0159esn\u00e9 informace a&nbsp;\u010dasto se nar\u00e1\u017e\u00ed i&nbsp;na to, jak velk\u00fd je to byznys. Pokus\u00edm se tedy fungov\u00e1n\u00ed a&nbsp;financov\u00e1n\u00ed na\u0161\u00ed \u0161koly trochu p\u0159ibl\u00ed\u017eit. Ho\u0159ick\u00e9 gymn\u00e1zium je \u0161kolskou pr\u00e1vnickou osobou a&nbsp;to je trochu jin\u00fd podnik ne\u017e b\u011b\u017en\u00e1 soukrom\u00e1 firma. Podl\u00e9h\u00e1me v\u00fdhradn\u011b \u0161kolsk\u00e9mu z\u00e1konu, m\u00e1me stejn\u00e9 povinnosti jako \u0161koly st\u00e1tn\u00ed a&nbsp;ve\u0161ker\u00e9 finan\u010dn\u00ed prost\u0159edky (i&nbsp;p\u0159\u00edpadn\u00e9 sponzorsk\u00e9 dary) musej\u00ed j\u00edt na \u010dinnost \u0161koly.<br \/>\nNa rozd\u00edl od st\u00e1tn\u00edch \u0161kol mohou ty nest\u00e1tn\u00ed vyb\u00edrat p\u0159\u00edsp\u011bvek na studium, tzv.&nbsp;\u0161koln\u00e9. U&nbsp;n\u00e1s je tento p\u0159\u00edsp\u011bvek od po\u010d\u00e1tku nastaven tak, aby byl pro d\u011bti a&nbsp;rodi\u010de na\u0161eho regionu p\u0159ijateln\u00fd a&nbsp;vzd\u011bl\u00e1n\u00ed tak z\u016fstalo dostupn\u00e9 v\u0161em. Rovn\u00e1 se proto cen\u011b j\u00edzdn\u00e9ho do Hradce Kr\u00e1lov\u00e9 nebo Ji\u010d\u00edna. Pokud \u0161kolu nav\u0161t\u011bvuj\u00ed sourozenci, mohou rodi\u010de \u017e\u00e1dat a&nbsp;tak\u00e9 \u017e\u00e1daj\u00ed o&nbsp;sn\u00ed\u017een\u00ed \u0161koln\u00e9ho, stejn\u011b jako o&nbsp;n\u011b \u017e\u00e1daj\u00ed ze soci\u00e1ln\u00edch d\u016fvod\u016f. Pro nest\u00e1tn\u00ed \u0161kolu je p\u0159\u00edsp\u011bvek d\u016fle\u017eit\u00fd, proto\u017ee nedost\u00e1v\u00e1 st\u00e1tn\u00ed dotaci, tzv.&nbsp;normativ na \u017e\u00e1ka, v&nbsp;pln\u00e9 v\u00fd\u0161i jako st\u00e1tn\u00ed \u0161kola, p\u0159esto\u017ee pln\u00ed stejnou st\u00e1tn\u00ed zak\u00e1zku, a&nbsp;provozn\u00ed n\u00e1klady nebo investice si hrad\u00ed sama. Prvn\u00ed rok se nav\u00edc nov\u00fdm nest\u00e1tn\u00edm st\u0159edn\u00edm \u0161kol\u00e1m v\u017edy vypl\u00e1c\u00ed jen 60&nbsp;% normativu, po&nbsp;kontrole \u010cesk\u00e9 \u0161koln\u00ed inspekce a&nbsp;jej\u00edm hodnocen\u00ed je mo\u017en\u00e9 zv\u00fd\u0161en\u00ed. Maxim\u00e1ln\u00ed v\u00fd\u0161e p\u0159\u00edsp\u011bvku je 90&nbsp;% a&nbsp;v\u0161echny prost\u0159edky, jak jsem psala v\u00fd\u0161e, se mus\u00ed pou\u017e\u00edt na zaji\u0161t\u011bn\u00ed vzd\u011bl\u00e1v\u00e1n\u00ed. \u0160koly ka\u017ed\u00fd m\u011bs\u00edc pos\u00edlaj\u00ed hl\u00e1\u0161en\u00ed krajsk\u00e9mu \u00fa\u0159adu, kter\u00fd p\u0159id\u011bluje finan\u010dn\u00ed prost\u0159edky podle aktu\u00e1ln\u00edho po\u010dtu \u017e\u00e1k\u016f. St\u00e1tn\u00ed \u0161koly jsou na tom trochu jinak \u2013 finan\u010dn\u00ed prost\u0159edky se vym\u011b\u0159\u00ed podle po\u010dtu \u017e\u00e1k\u016f k&nbsp;30.&nbsp;z\u00e1\u0159\u00ed nov\u00e9ho \u0161koln\u00edho roku a&nbsp;jejich v\u00fd\u0161e se po&nbsp;cel\u00fd \u0161koln\u00ed rok nem\u011bn\u00ed ani v&nbsp;p\u0159\u00edpad\u011b odchodu \u017e\u00e1k\u016f.<\/p>\n<p>V z\u00e1\u0159\u00ed 2014 jsme za\u010d\u00ednali s&nbsp;18 \u017e\u00e1ky, te\u010f je ve \u0161kole \u017e\u00e1k\u016f 47.&nbsp;\u0160kole se u\u017e sice finan\u010dn\u011b d\u00fdch\u00e1 o&nbsp;n\u011bco l\u00e9pe ne\u017e na za\u010d\u00e1tku, na\u0161e mzdy ale zdaleka nedosahuj\u00ed v\u00fd\u0161e platu u\u010ditel\u016f st\u00e1tn\u00edch \u0161kol. Bereme to jako investici, kterou v\u0161ichni do \u0161koly vkl\u00e1d\u00e1me.<\/p>\n<p>Zalo\u017een\u00edm \u0161koly se povedlo nejen vr\u00e1tit do Ho\u0159ic \u010dty\u0159let\u00e9 gymn\u00e1zium, ale da\u0159\u00ed se v&nbsp;n\u011bm realizovat jinou formu v\u0161eobecn\u00e9ho vzd\u011bl\u00e1n\u00ed, ne\u017e je b\u011b\u017en\u00e9. M\u00e1me za sebou prvn\u00ed maturity a&nbsp;na\u0161i prvn\u00ed \u00fasp\u011b\u0161n\u00ed absolventi studuj\u00ed vysok\u00e9 \u0161koly. Jsme gymn\u00e1zium a&nbsp;obsah u\u010diva je z\u00e1vazn\u011b dan\u00fd r\u00e1mcov\u011b vzd\u011bl\u00e1vac\u00edm programem, ten m\u011bnit nelze. Spolu se studenty a&nbsp;jejich rodi\u010di ale vytv\u00e1\u0159\u00edme jedine\u010dn\u00e9 vzd\u011bl\u00e1vac\u00ed prost\u0159ed\u00ed, kde se u\u010ditel prom\u011b\u0148uje ve zku\u0161en\u011bj\u0161\u00edho partnera a&nbsp;studenti se st\u00e1vaj\u00ed samostatn\u011bj\u0161\u00edmi a&nbsp;odpov\u011bdn\u011bj\u0161\u00edmi. Nap\u0159\u00edklad t\u00edm, \u017ee jsou lektory a&nbsp;patrony mlad\u0161\u00edch, \u017ee se pod\u00edlej\u00ed na chodu \u0161koly a&nbsp;p\u0159\u00edprav\u00e1ch \u0161koln\u00edch i&nbsp;mimo\u0161koln\u00edch akc\u00ed, vedou projekty, expedi\u010dn\u00ed skupiny, prezentuj\u00ed ve\u0159ejn\u011b v\u00fdsledky sv\u00e9 pr\u00e1ce, pln\u00ed slo\u017eit\u011bj\u0161\u00ed podm\u00ednky klasifikace, nesout\u011b\u017e\u00ed mezi sebou, ale vz\u00e1jemn\u011b si hodn\u011b pom\u00e1haj\u00ed. Na ka\u017edodenn\u00edch spole\u010dn\u00fdch rann\u00edch setk\u00e1n\u00edch se vid\u00edme v\u0161ichni se v\u0161emi, informujeme se, \u0159e\u0161\u00edme, co je t\u0159eba. Jsme spolu opravdu \u010dasto a&nbsp;to velmi ovliv\u0148uje na\u0161e vztahy i&nbsp;cel\u00e9 \u0161koln\u00ed klima.<\/p>\n<p>Krom vytv\u00e1\u0159en\u00ed podporuj\u00edc\u00edho \u0161koln\u00edho prost\u0159ed\u00ed se sna\u017e\u00edme tak\u00e9 prosp\u00edvat m\u00edstu, regionu. Opakovan\u011b po\u0159\u00e1d\u00e1me akce pro ve\u0159ejnost, spolupracujeme s&nbsp;m\u011bstsk\u00fdmi institucemi a&nbsp;spolky, se z\u00e1kladn\u00edmi \u0161kolami, zvelebujeme okol\u00ed, poskytujeme \u0161koln\u00ed prostory pro r\u016fzn\u00e9 vzd\u011bl\u00e1vac\u00ed programy a&nbsp;volno\u010dasov\u00e9 aktivity a&nbsp;i&nbsp;n\u00e1zev \u0161koly odr\u00e1\u017e\u00ed snahu b\u00fdt \u0161kolou m\u00edstn\u011b ukotvenou. Za velk\u00fd \u00fasp\u011bch lze pova\u017eovat to, \u017ee jsme se po&nbsp;t\u0159ech letech \u010dinnosti dostali na mapu inspirativn\u00edch \u0161kol v&nbsp;\u010cesk\u00e9 republice, \u017ee k&nbsp;n\u00e1m pravideln\u011b jezd\u00ed st\u00e1\u017eist\u00e9, budouc\u00ed u\u010ditel\u00e9, z&nbsp;pra\u017esk\u00e9 akreditovan\u00e9 iniciativy U\u010ditel na\u017eivo, \u017ee n\u00e1s zvou jako p\u0159\u00edklad dobr\u00e9 praxe na ve\u0159ejn\u00e9 prezentace do jin\u00fdch kraj\u016f, zmi\u0148uj\u00ed n\u00e1s pedagogick\u00e9 fakulty, p\u00ed\u0161e se o&nbsp;n\u00e1s. Nejsme \u0161kolou \u00fapln\u011b pro ka\u017ed\u00e9ho, proto si n\u00e1s vyb\u00edraj\u00ed jen ti, kdo maj\u00ed k&nbsp;takov\u00e9mu vzd\u011bl\u00e1v\u00e1n\u00ed bl\u00edzko, a&nbsp;jezd\u00ed k&nbsp;n\u00e1m i&nbsp;d\u011bti ze vzd\u00e1len\u011bj\u0161\u00edch m\u00edst. Z&nbsp;celkov\u00e9ho po\u010dtu 47 \u017e\u00e1k\u016f je z&nbsp;neho\u0159ick\u00fdch z\u00e1kladn\u00edch \u0161kol 27 (do leto\u0161n\u00edho prvn\u00edho ro\u010dn\u00edku nap\u0159\u00edklad p\u0159ij\u00ed\u017ed\u00ed odjinud 13 d\u011bt\u00ed ze 17, do druh\u00e9ho 9 ze 14) a&nbsp;ve \u0161kole tak za\u010d\u00ednaj\u00ed p\u0159espoln\u00ed \u017e\u00e1ci p\u0159eva\u017eovat nad m\u00edstn\u00edmi. \u0158ekla bych, \u017ee se Ho\u0159ice za n\u00e1s nemusej\u00ed styd\u011bt.<\/p>\n<p>A pro\u010d to v\u0161echno my u\u010ditel\u00e9 d\u011bl\u00e1me? Ka\u017ed\u00fd jsme jin\u00fd a&nbsp;ka\u017ed\u00fd by mo\u017en\u00e1 odpov\u011bd\u011bl trochu jinak. Spojuje n\u00e1s p\u0159edev\u0161\u00edm chu\u0165 takovou \u0161kolu vytv\u00e1\u0159et, spojuje n\u00e1s p\u0159\u00edstup a&nbsp;velk\u00e9 nasazen\u00ed. T\u011b\u0161\u00ed n\u00e1s neust\u00e1le o&nbsp;sv\u00e9 u\u010ditelsk\u00e9 profesi p\u0159em\u00fd\u0161let a&nbsp;hledat nov\u00e9, smyslupln\u011bj\u0161\u00ed formy u\u010den\u00ed. T\u011b\u0161\u00ed n\u00e1s doprov\u00e1zet mlad\u00e9 lidi slo\u017eit\u00fdm obdob\u00edm dosp\u00edv\u00e1n\u00ed a&nbsp;z\u00e1klady v\u011bdn\u00edch obor\u016f, t\u011b\u0161\u00ed n\u00e1s podporovat jejich schopnosti a&nbsp;dobr\u00e9 vlastnosti, kter\u00e9 jim umo\u017en\u00ed nejen pokra\u010dovat v&nbsp;dal\u0161\u00edm vzd\u011bl\u00e1v\u00e1n\u00ed, ale pos\u00edl\u00ed je i&nbsp;v&nbsp;osobn\u00edm \u017eivot\u011b.<\/p>\n<p>Kdy\u017e se ohl\u00e9dnu za sv\u00fdmi u\u010ditelsk\u00fdmi l\u00e9ty, tohle m\u011b ostatn\u011b t\u011b\u0161\u00edvalo v\u017edycky. P\u0159ibyly ale vd\u011b\u010dnost a&nbsp;\u00facta. K&nbsp;t\u011bm, kdo bez ohledu na v\u00fdsledek za\u010dali spolu se mnou tuhle \u0161kolu vytv\u00e1\u0159et, ke v\u0161em, kdo n\u00e1m pomohli a&nbsp;st\u00e1le pom\u00e1haj\u00ed, a\u0165 u\u017e jde o&nbsp;studenty, jejich rodi\u010de a&nbsp;dal\u0161\u00ed Ho\u0159i\u010d\u00e1ky, o&nbsp;p\u0159edstavitele tohoto m\u011bsta, kolegy z&nbsp;podobn\u00fdch \u0161kol, prost\u011b o&nbsp;v\u0161echny, kdo n\u00e1m v\u011b\u0159ili a&nbsp;d\u00e1l v\u011b\u0159\u00ed. A&nbsp;p\u0159ibyla tak\u00e9 radost z&nbsp;pozn\u00e1n\u00ed, \u017ee kdy\u017e se hodn\u011b chce a&nbsp;hodn\u011b se d\u00e1, tak se tak\u00e9 hodn\u011b dostane. Ale jinak, ne\u017e je b\u011b\u017en\u00e9.<\/p>\n<p>\u0160\u00e1rka \u0160andov\u00e1<\/p>\n<p>V Ho\u0159ic\u00edch 17.&nbsp;ledna 2018<\/p>\n","protected":false},"excerpt":{"rendered":"<p>(Ps\u00e1no pro Ho\u0159ick\u00e9 ob\u010dasn\u00e9 noviny) U\u017e \u010dtvrt\u00fdm rokem m\u00e1me v&nbsp;na\u0161em m\u011bst\u011b Ho\u0159ick\u00e9 gymn\u00e1zium, st\u00e1le pom\u011brn\u011b novou nest\u00e1tn\u00ed st\u0159edn\u00ed \u0161kolu. S&nbsp;p\u0159\u00edchodem nov\u00e9ho kalend\u00e1\u0159n\u00edho roku si jako jeden ze z\u0159izovatel\u016f t\u00e9to ho\u0159ick\u00e9 \u0161koly, jako jej\u00ed \u0159editelka, u\u010ditelka a&nbsp;doned\u00e1vna tak\u00e9 rodi\u010d dovol\u00edm jak\u00e9si bilan\u010dn\u00ed ohl\u00e9dnut\u00ed. \u0160kolu se poda\u0159ilo zalo\u017eit, resp. zapsat do rejst\u0159\u00edku &#8230; <a title=\"Takov\u00ed jsme\" class=\"read-more\" href=\"https:\/\/www.gymhorice.cz\/?p=8886\" aria-label=\"\u010c\u00edst v\u00edce o Takov\u00ed jsme\">p\u0159e\u010d\u00edst v\u0161e<\/a><\/p>\n","protected":false},"author":2,"featured_media":0,"comment_status":"closed","ping_status":"closed","sticky":false,"template":"","format":"standard","meta":{"ngg_post_thumbnail":0,"footnotes":""},"categories":[2],"tags":[36],"class_list":["post-8886","post","type-post","status-publish","format-standard","hentry","category-aktuality","tag-akce"],"_links":{"self":[{"href":"https:\/\/www.gymhorice.cz\/index.php?rest_route=\/wp\/v2\/posts\/8886","targetHints":{"allow":["GET"]}}],"collection":[{"href":"https:\/\/www.gymhorice.cz\/index.php?rest_route=\/wp\/v2\/posts"}],"about":[{"href":"https:\/\/www.gymhorice.cz\/index.php?rest_route=\/wp\/v2\/types\/post"}],"author":[{"embeddable":true,"href":"https:\/\/www.gymhorice.cz\/index.php?rest_route=\/wp\/v2\/users\/2"}],"replies":[{"embeddable":true,"href":"https:\/\/www.gymhorice.cz\/index.php?rest_route=%2Fwp%2Fv2%2Fcomments&post=8886"}],"version-history":[{"count":3,"href":"https:\/\/www.gymhorice.cz\/index.php?rest_route=\/wp\/v2\/posts\/8886\/revisions"}],"predecessor-version":[{"id":8954,"href":"https:\/\/www.gymhorice.cz\/index.php?rest_route=\/wp\/v2\/posts\/8886\/revisions\/8954"}],"wp:attachment":[{"href":"https:\/\/www.gymhorice.cz\/index.php?rest_route=%2Fwp%2Fv2%2Fmedia&parent=8886"}],"wp:term":[{"taxonomy":"category","embeddable":true,"href":"https:\/\/www.gymhorice.cz\/index.php?rest_route=%2Fwp%2Fv2%2Fcategories&post=8886"},{"taxonomy":"post_tag","embeddable":true,"href":"https:\/\/www.gymhorice.cz\/index.php?rest_route=%2Fwp%2Fv2%2Ftags&post=8886"}],"curies":[{"name":"wp","href":"https:\/\/api.w.org\/{rel}","templated":true}]}}