{"id":8067,"date":"2017-10-16T14:41:21","date_gmt":"2017-10-16T13:41:21","guid":{"rendered":"http:\/\/www.gymhorice.cz\/?p=8067"},"modified":"2017-10-27T15:15:38","modified_gmt":"2017-10-27T14:15:38","slug":"jak-to-bylo-v-listopadu-89","status":"publish","type":"post","link":"https:\/\/www.gymhorice.cz\/?p=8067","title":{"rendered":"Jak to bylo v&nbsp;Listopadu \u00b489"},"content":{"rendered":"<p>Jak to bylo v&nbsp;Listopadu \u00b489, co mu p\u0159edch\u00e1zelo, co n\u00e1sledovalo a&nbsp;co je te\u010f\u2026 O&nbsp;tom, jak k\u0159ehk\u00e1 je svoboda a&nbsp;jakou odpov\u011bdnost vy\u017eaduje od ka\u017ed\u00e9ho z&nbsp;n\u00e1s, o&nbsp;strachu i&nbsp;odvaze a&nbsp;o&nbsp;mnoh\u00e9m dal\u0161\u00edm jsme si 16.&nbsp;\u0159\u00edjna, v&nbsp;pond\u011bl\u00ed p\u0159ed parlamentn\u00edmi volbami, pov\u00eddali ve \u0161kole s&nbsp;<span style=\"color: #0000ff;\"><strong>Martinem Mejst\u0159\u00edkem<\/strong><\/span>.<\/p>\n<p>Studentsk\u00e9 revolty Olgy Sommerov\u00e9 n\u00e1m umo\u017enily nahl\u00e9dnout do let \u0161edes\u00e1t\u00fdch i&nbsp;osmdes\u00e1t\u00fdch a&nbsp;otev\u0159en\u00e9 a&nbsp;up\u0159\u00edmn\u00e9 vypravov\u00e1n\u00ed Martina Mejst\u0159\u00edka d\u011bje let osmdes\u00e1t\u00fdch dokreslilo .<\/p>\n<p>V roce \u00b489 jsem byla studentkou p\u00e1t\u00e9ho ro\u010dn\u00edku Filozofick\u00e9 fakulty UK. Byla jsem takov\u00fdm studentsk\u00fdm revolu\u010dn\u00edm p\u011b\u0161\u00e1kem a&nbsp;dodnes mnou vzpom\u00ednka na ud\u00e1losti konce let osmdes\u00e1t\u00fdch i&nbsp;na samotn\u00fd Listopad velmi h\u00fdbe. V\u00e1\u017e\u00edm si \u017eivota ve svobodn\u00e9 zemi, a&nbsp;jestli je mi n\u011b\u010deho z&nbsp;polistopadov\u00e9ho v\u00fdvoje l\u00edto, tak je to nedostate\u010dn\u00e9 vyu\u017eit\u00ed obrovsk\u00e9ho potenci\u00e1lu dobra v&nbsp;ka\u017ed\u00e9m z&nbsp;n\u00e1s. Tenkr\u00e1t jsme o&nbsp;n\u011bm jasn\u011b v\u011bd\u011bli.<\/p>\n<p>M\u011bla jsem velkou radost z&nbsp;Martinovy n\u00e1v\u0161t\u011bvy, z&nbsp;jeho vypr\u00e1v\u011bn\u00ed, \u010dten\u00ed z&nbsp;jeho Den\u00edku, ze vzpom\u00edn\u00e1n\u00ed. T\u011b\u0161ilo m\u011b rozmlouvat s&nbsp;n\u00edm o&nbsp;d\u011bn\u00ed minul\u00e9m i&nbsp;sou\u010dasn\u00e9m a&nbsp;t\u011b\u0161ilo m\u011b, \u017ee jej trochu poznali i&nbsp;na\u0161i studenti. Pokud n\u011bkdo d\u011bl\u00e1, \u010demu v\u011b\u0159\u00ed, a&nbsp;pokud to d\u011bl\u00e1 s&nbsp;v\u011bdom\u00edm slu\u017eby ostatn\u00edm a&nbsp;z\u00e1rove\u0148 s&nbsp;velkou pokorou, je dobr\u00e9, aby byl vid\u011bt. Alespo\u0148 ob\u010das \ud83d\ude42<\/p>\n<p>&nbsp;<\/p>\n<p><strong>Ze studentsk\u00fdch vzkaz\u016f:<\/strong><\/p>\n<p>&#8211; Mil\u00fd Martine, beseda s&nbsp;V\u00e1mi pro mne byla velmi d\u016fle\u017eit\u00e1. V&nbsp;d\u011bjin\u00e1ch se jednodu\u0161e ztr\u00e1c\u00edm a&nbsp;chci si v&nbsp;nich kone\u010dn\u011b ud\u011blat jasno, hlavn\u011b v&nbsp;t\u00e9 na\u0161\u00ed bl\u00edzk\u00e9 minulosti. A&nbsp;Vy jste mi ohromn\u011b pomohl. Douf\u00e1m, \u017ee k&nbsp;n\u00e1m n\u011bkdy op\u011bt zav\u00edt\u00e1te.<\/p>\n<p>&#8211; Zdrav\u00edm, pane Mejst\u0159\u00edku, obdivuji v\u0161e, co jste dok\u00e1zal, a&nbsp;d\u011bkuji, \u017ee jste n\u00e1m o&nbsp;tom \u0161\u00edlen\u00e9m dobrodru\u017estv\u00ed pov\u011bd\u011bl. Bylo \u00fa\u017easn\u00e9 poslouchat to, co se u\u010d\u00edme jako d\u011bjiny, jako osobn\u00ed p\u0159\u00edb\u011bh.<\/p>\n<p>&#8211; Moc d\u011bkujeme, \u017ee jste n\u00e1s nav\u0161t\u00edvil. Byl \u00fa\u017easn\u00fd z\u00e1\u017eitek poznat tak silnou osobnost, jako jste Vy.<br \/>\nPros\u00edm, p\u0159ije\u010fte znovu, budeme r\u00e1di!<\/p>\n<p>&#8211; Kr\u00e1sn\u00e1 atmosf\u00e9ra, d\u011bkujeme. Zase p\u0159ije\u010fte!<\/p>\n<p>&#8211; Hodn\u011b m\u011b to oslovilo. V\u00edm, \u017ee je pro V\u00e1s asi dost t\u011b\u017ek\u00fd o&nbsp;tom mluvit, ale d\u00edky tomu jsem se toho hodn\u011b dozv\u011bd\u011bl. D\u011bkuji moc za tu besedu a&nbsp;zas n\u011bkdy p\u0159\u00ed\u0161t\u011b.<\/p>\n<p>&#8211; M\u00ed rodi\u010de mi o&nbsp;t\u00e9to dob\u011b tak\u00e9 vypr\u00e1v\u011bli, ale od \u010dlov\u011bka, kter\u00fd byl v&nbsp;\u010dele samotn\u00e9ho hnut\u00ed to bylo n\u011bco jin\u00e9ho. D\u011bkuji, \u017ee jste k&nbsp;n\u00e1m p\u0159i\u0161el.<\/p>\n<p>&#8211; Beseda mi poskytla nov\u00fd pohled a&nbsp;n\u00e1zory na v\u011bc. Jsem neskute\u010dn\u011b r\u00e1da, \u017ee jste p\u0159i\u0161el, a&nbsp;douf\u00e1m, \u017ee n\u00e1s znovu nav\u0161t\u00edv\u00edte.<\/p>\n<p>&#8211; Zdrav\u00edm, pane Mejst\u0159\u00edku, a&nbsp;d\u011bkuji za Va\u0161i besedu. D\u00edky n\u00ed jsem se dozv\u011bd\u011bl v\u011bci, kter\u00e9 o&nbsp;roku \u00b489 nev\u00edm. Av\u0161ak m\u011b mrz\u00ed, \u017ee m\u011b nenapadalo se zeptat, jak V\u00e1s jako antikomunistu sn\u00e1\u0161\u00ed na vesnici.<br \/>\nJeliko\u017e s\u00e1m \u017eiji na vesnici, tak bych \u010dekal, \u017ee tam bude jako u&nbsp;n\u00e1s ka\u017ed\u00fd druh\u00fd tat\u00ednek \u010di&nbsp;d\u011bde\u010dek komunista.<\/p>\n<p>&#8211; Bylo to nezpochybniteln\u011b pou\u010dn\u00e9. Tato t\u00e9mata jsem m\u011bl v\u017edy r\u00e1d a&nbsp;zaj\u00edmaly m\u011b v\u0161echny informace. Va\u0161e pov\u00edd\u00e1n\u00ed mne inspirovalo k&nbsp;tomu, abych se znovu zeptal sv\u00fdch rodi\u010d\u016f na toto obdob\u00ed. A&nbsp;i&nbsp;kdy\u017e s&nbsp;V\u00e1mi ve v\u0161ech n\u00e1zorech nemus\u00edm souhlasit, velmi V\u00e1m d\u011bkuji.<\/p>\n<p>&#8211; Mysl\u00edm, \u017ee bylo velice p\u0159\u00ednosn\u00e9 ud\u011blat takovou besedu pro studenty. Mlad\u00ed lid\u00e9 by m\u011bli v\u011bd\u011bt, co se d\u011blo. D\u011bkuju a&nbsp;douf\u00e1m, \u017ee se u&nbsp;n\u00e1s zase objev\u00edte.<\/p>\n<p>&#8211; Bylo zaj\u00edmav\u00e9 a&nbsp;pou\u010dn\u00e9 sly\u0161et o&nbsp;tom, co zm\u011bnilo historii \u010cR od \u010dlov\u011bka, jako jste Vy, od \u010dlov\u011bka, kter\u00fd to vedl, od \u010dlov\u011bka, kter\u00fd dok\u00e1zal n\u011bco zm\u011bnit a&nbsp;bojoval za to, \u010demu v\u011b\u0159il. D\u011bkuji.<\/p>\n<p>&#8211; Norm\u00e1ln\u011b u&nbsp;t\u0159\u00edhodinov\u00fdch p\u0159edn\u00e1\u0161ek us\u00edn\u00e1m, ale tohle udr\u017eelo mou pozornost po&nbsp;celou dobu.<\/p>\nngg_shortcode_0_placeholder\n","protected":false},"excerpt":{"rendered":"<p>Jak to bylo v&nbsp;Listopadu \u00b489, co mu p\u0159edch\u00e1zelo, co n\u00e1sledovalo a&nbsp;co je te\u010f\u2026 O&nbsp;tom, jak k\u0159ehk\u00e1 je svoboda a&nbsp;jakou odpov\u011bdnost vy\u017eaduje od ka\u017ed\u00e9ho z&nbsp;n\u00e1s, o&nbsp;strachu i&nbsp;odvaze a&nbsp;o&nbsp;mnoh\u00e9m dal\u0161\u00edm jsme si 16.&nbsp;\u0159\u00edjna, v&nbsp;pond\u011bl\u00ed p\u0159ed parlamentn\u00edmi volbami, pov\u00eddali ve \u0161kole s&nbsp;Martinem Mejst\u0159\u00edkem. Studentsk\u00e9 revolty Olgy Sommerov\u00e9 n\u00e1m umo\u017enily nahl\u00e9dnout do let \u0161edes\u00e1t\u00fdch &#8230; <a title=\"Jak to bylo v&nbsp;Listopadu \u00b489\" class=\"read-more\" href=\"https:\/\/www.gymhorice.cz\/?p=8067\" aria-label=\"\u010c\u00edst v\u00edce o Jak to bylo v&nbsp;Listopadu \u00b489\">p\u0159e\u010d\u00edst v\u0161e<\/a><\/p>\n","protected":false},"author":2,"featured_media":0,"comment_status":"closed","ping_status":"closed","sticky":false,"template":"","format":"standard","meta":{"ngg_post_thumbnail":0,"footnotes":""},"categories":[2],"tags":[36],"class_list":["post-8067","post","type-post","status-publish","format-standard","hentry","category-aktuality","tag-akce"],"_links":{"self":[{"href":"https:\/\/www.gymhorice.cz\/index.php?rest_route=\/wp\/v2\/posts\/8067","targetHints":{"allow":["GET"]}}],"collection":[{"href":"https:\/\/www.gymhorice.cz\/index.php?rest_route=\/wp\/v2\/posts"}],"about":[{"href":"https:\/\/www.gymhorice.cz\/index.php?rest_route=\/wp\/v2\/types\/post"}],"author":[{"embeddable":true,"href":"https:\/\/www.gymhorice.cz\/index.php?rest_route=\/wp\/v2\/users\/2"}],"replies":[{"embeddable":true,"href":"https:\/\/www.gymhorice.cz\/index.php?rest_route=%2Fwp%2Fv2%2Fcomments&post=8067"}],"version-history":[{"count":2,"href":"https:\/\/www.gymhorice.cz\/index.php?rest_route=\/wp\/v2\/posts\/8067\/revisions"}],"predecessor-version":[{"id":8086,"href":"https:\/\/www.gymhorice.cz\/index.php?rest_route=\/wp\/v2\/posts\/8067\/revisions\/8086"}],"wp:attachment":[{"href":"https:\/\/www.gymhorice.cz\/index.php?rest_route=%2Fwp%2Fv2%2Fmedia&parent=8067"}],"wp:term":[{"taxonomy":"category","embeddable":true,"href":"https:\/\/www.gymhorice.cz\/index.php?rest_route=%2Fwp%2Fv2%2Fcategories&post=8067"},{"taxonomy":"post_tag","embeddable":true,"href":"https:\/\/www.gymhorice.cz\/index.php?rest_route=%2Fwp%2Fv2%2Ftags&post=8067"}],"curies":[{"name":"wp","href":"https:\/\/api.w.org\/{rel}","templated":true}]}}