{"id":6729,"date":"2017-03-07T10:06:33","date_gmt":"2017-03-07T09:06:33","guid":{"rendered":"http:\/\/www.gymhorice.cz\/?p=6729"},"modified":"2017-03-09T10:15:23","modified_gmt":"2017-03-09T09:15:23","slug":"vlajka-pro-tibet","status":"publish","type":"post","link":"https:\/\/www.gymhorice.cz\/?p=6729","title":{"rendered":"Vlajka pro Tibet"},"content":{"rendered":"<p>10.&nbsp;b\u0159ezna zavlaje na na\u0161\u00ed \u0161kole op\u011bt tibetsk\u00e1 vlajka. Jej\u00edm vyv\u011b\u0161en\u00edm se zapoj\u00edme do kampan\u011b Vlajka pro Tibet, kter\u00e1 se kon\u00e1 p\u0159i&nbsp;p\u0159\u00edle\u017eitosti v\u00fdro\u010d\u00ed povst\u00e1n\u00ed Tibe\u0165an\u016f proti \u010d\u00ednsk\u00e9 okupaci roku 1959. Kampa\u0148 vznikla v&nbsp;polovin\u011b devades\u00e1t\u00fdch let v&nbsp;Evrop\u011b s&nbsp;c\u00edlem pouk\u00e1zat na dlouhodob\u00e9 poru\u0161ov\u00e1n\u00ed lidsk\u00fdch pr\u00e1v v&nbsp;\u010c\u00edn\u011b. \u010cesk\u00e1 republika se ke kampani p\u0159ipojuje pravideln\u011b od roku 1996.&nbsp;<\/p>\n<p><img loading=\"lazy\" decoding=\"async\" class=\"alignleft size-full wp-image-6731\" src=\"http:\/\/www.gymhorice.cz\/wp-content\/uploads\/2017\/03\/vlajka-tibet.jpg\" alt=\"\" height=\"211\" width=\"300\" srcset=\"https:\/\/www.gymhorice.cz\/wp-content\/uploads\/2017\/03\/vlajka-tibet.jpg 300w, https:\/\/www.gymhorice.cz\/wp-content\/uploads\/2017\/03\/vlajka-tibet-189x133.jpg 189w, https:\/\/www.gymhorice.cz\/wp-content\/uploads\/2017\/03\/vlajka-tibet-284x200.jpg 284w\" sizes=\"auto, (max-width: 300px) 100vw, 300px\" \/><\/p>\n","protected":false},"excerpt":{"rendered":"<p>10.&nbsp;b\u0159ezna zavlaje na na\u0161\u00ed \u0161kole op\u011bt tibetsk\u00e1 vlajka. Jej\u00edm vyv\u011b\u0161en\u00edm se zapoj\u00edme do kampan\u011b Vlajka pro Tibet, kter\u00e1 se kon\u00e1 p\u0159i&nbsp;p\u0159\u00edle\u017eitosti v\u00fdro\u010d\u00ed povst\u00e1n\u00ed Tibe\u0165an\u016f proti \u010d\u00ednsk\u00e9 okupaci roku 1959. Kampa\u0148 vznikla v&nbsp;polovin\u011b devades\u00e1t\u00fdch let v&nbsp;Evrop\u011b s&nbsp;c\u00edlem pouk\u00e1zat na dlouhodob\u00e9 poru\u0161ov\u00e1n\u00ed lidsk\u00fdch pr\u00e1v v&nbsp;\u010c\u00edn\u011b. \u010cesk\u00e1 republika se ke kampani p\u0159ipojuje pravideln\u011b &#8230; <a title=\"Vlajka pro Tibet\" class=\"read-more\" href=\"https:\/\/www.gymhorice.cz\/?p=6729\" aria-label=\"\u010c\u00edst v\u00edce o Vlajka pro Tibet\">p\u0159e\u010d\u00edst v\u0161e<\/a><\/p>\n","protected":false},"author":2,"featured_media":0,"comment_status":"closed","ping_status":"closed","sticky":false,"template":"","format":"standard","meta":{"ngg_post_thumbnail":0,"footnotes":""},"categories":[2],"tags":[36],"class_list":["post-6729","post","type-post","status-publish","format-standard","hentry","category-aktuality","tag-akce"],"_links":{"self":[{"href":"https:\/\/www.gymhorice.cz\/index.php?rest_route=\/wp\/v2\/posts\/6729","targetHints":{"allow":["GET"]}}],"collection":[{"href":"https:\/\/www.gymhorice.cz\/index.php?rest_route=\/wp\/v2\/posts"}],"about":[{"href":"https:\/\/www.gymhorice.cz\/index.php?rest_route=\/wp\/v2\/types\/post"}],"author":[{"embeddable":true,"href":"https:\/\/www.gymhorice.cz\/index.php?rest_route=\/wp\/v2\/users\/2"}],"replies":[{"embeddable":true,"href":"https:\/\/www.gymhorice.cz\/index.php?rest_route=%2Fwp%2Fv2%2Fcomments&post=6729"}],"version-history":[{"count":1,"href":"https:\/\/www.gymhorice.cz\/index.php?rest_route=\/wp\/v2\/posts\/6729\/revisions"}],"predecessor-version":[{"id":6732,"href":"https:\/\/www.gymhorice.cz\/index.php?rest_route=\/wp\/v2\/posts\/6729\/revisions\/6732"}],"wp:attachment":[{"href":"https:\/\/www.gymhorice.cz\/index.php?rest_route=%2Fwp%2Fv2%2Fmedia&parent=6729"}],"wp:term":[{"taxonomy":"category","embeddable":true,"href":"https:\/\/www.gymhorice.cz\/index.php?rest_route=%2Fwp%2Fv2%2Fcategories&post=6729"},{"taxonomy":"post_tag","embeddable":true,"href":"https:\/\/www.gymhorice.cz\/index.php?rest_route=%2Fwp%2Fv2%2Ftags&post=6729"}],"curies":[{"name":"wp","href":"https:\/\/api.w.org\/{rel}","templated":true}]}}