{"id":4342,"date":"2015-12-11T20:09:49","date_gmt":"2015-12-11T19:09:49","guid":{"rendered":"http:\/\/www.gymhorice.cz\/?p=4342"},"modified":"2015-12-13T20:21:39","modified_gmt":"2015-12-13T19:21:39","slug":"evropa-v-case-nula-a-jaka-vlastne-bude","status":"publish","type":"post","link":"https:\/\/www.gymhorice.cz\/?p=4342","title":{"rendered":"Evropa v&nbsp;\u010dase nula \u2013 a&nbsp;jak\u00e1 vlastn\u011b bude?"},"content":{"rendered":"<p>Na Ho\u0159ick\u00e9m gymn\u00e1ziu se v&nbsp;pond\u011bl\u00ed zastavil <strong>Jindra \u0160ar\u0161on<\/strong>, kter\u00fd se vr\u00e1til z&nbsp;lokality \u0160id na srbsko-chorvatsk\u00e9 hranici. Rozhodl se nab\u00eddnout sv\u016fj automobil pro pos\u00e1dku, kterou p\u0159edem neznal, aby se rozjel jako dobrovoln\u00edk a&nbsp;pomohl uprchl\u00edk\u016fm spolu s&nbsp;ostatn\u00edmi.<\/p>\n<p>Pos\u00e1dka \u010d\u00edtala celkem \u0161est na\u0161ich spoluob\u010dan\u016f r\u016fzn\u00e9ho zam\u011b\u0159en\u00ed. Z&nbsp;jeho vypr\u00e1v\u011bn\u00ed se studenti m\u011bli mo\u017enost sami p\u0159esv\u011bd\u010dit, jak\u00e1 je situace na takzvan\u00e9 \u201ebalk\u00e1nsk\u00e9 cest\u011b&#8220;.<\/p>\n<p>Jindra sv\u00e9 pocity vyj\u00e1d\u0159il slovy \u201enep\u0159ehledn\u00e9, chaotick\u00e9&#8220;\u2026<br \/>\nDobrovoln\u00edci na parkovi\u0161ti v&nbsp;lokalit\u011b \u0160id pracuj\u00ed ka\u017ed\u00fd den nejv\u00edce od 16.00 do 8.00 hodin, kdy jsou jinak uprchl\u00edci zcela ponech\u00e1ni sv\u00e9mu osudu. P\u0159es den jim pom\u00e1h\u00e1 \u201eSrbsk\u00fd komisari\u00e1t pro uprchl\u00edky&#8220; a&nbsp;neziskovky.<\/p>\n<p>Z na\u0161ich neziskovek zde pro dobrovoln\u00edky z&nbsp;\u010cR pronajal d\u016fm \u010clov\u011bk v&nbsp;t\u00edsni, aby m\u011bli alespo\u0148 n\u011bjak\u00e9 z\u00e1zem\u00ed. Uprchl\u00edci jsou p\u0159ev\u00e1\u017en\u011b lid\u00e9 ze zem\u00ed posti\u017een\u00fdch v\u00e1le\u010dn\u00fdmi konflikty, nejv\u00edce jich je ze S\u00fdrie, Afg\u00e1nist\u00e1nu a&nbsp;Ir\u00e1ku. Pot\u0159ebuj\u00ed z\u00e1kladn\u00ed hygienick\u00e9 prost\u0159edky, boty, oble\u010den\u00ed\u2026 N\u011bkdy je pot\u0159eba tepl\u00e1 voda na sunar, \u010daj.<\/p>\n<p>V \u0160idu p\u0159estupuj\u00ed z&nbsp;autobus\u016f na vlak a&nbsp;pokra\u010duj\u00ed d\u00e1le do Evropy. Jejich cesta za\u010d\u00edn\u00e1 plavbou na p\u0159epln\u011bn\u00fdch nafukovac\u00edch \u010dlunech z&nbsp;Turecka na \u0159eck\u00fd ostrov Lesbos. Tam jim p\u0159i&nbsp;jejich vstupu do EU tak\u00e9 pom\u00e1haj\u00ed \u010ce\u0161i spolu s&nbsp;ostatn\u00edmi dobrovoln\u00edky. To v\u0161e a&nbsp;mnoho dal\u0161\u00edch informac\u00ed se studenti od Jindry dozv\u011bd\u011bli. Jindra se n\u00e1s sna\u017eil upozornit tak\u00e9 na r\u016fzn\u00e9 v\u00fdroky na\u0161ich p\u0159edn\u00edch p\u0159edstavitel\u016f a&nbsp;konfrontovat je s&nbsp;re\u00e1lnou situac\u00ed, o&nbsp;kter\u00e9 se na m\u00edst\u011b p\u0159i&nbsp;sv\u00e9m n\u011bkolikadenn\u00edm pobytu p\u0159esv\u011bd\u010dil.<\/p>\n<p><strong>Politici a&nbsp;re\u00e1ln\u00e1 situace<\/strong><br \/>\nStudenti se sami sna\u017eili nad t\u011bmito v\u00fdroky zamyslet a&nbsp;okomentovat je. Po&nbsp;Jindrov\u011b v\u00fdpov\u011bdi \u010dlov\u011bk c\u00edt\u00ed t\u011b\u017ekop\u00e1dnost a&nbsp;nep\u0159ipravenost Bruselu a&nbsp;s\u00e1m se pt\u00e1, jak\u00e1 \u017ee ta na\u0161e Evropa vlastn\u011b bude. \u010clov\u011bk m\u00e1 pocit, \u017ee v\u011bt\u0161ina informac\u00ed v&nbsp;masm\u00e9di\u00edch je \u201emimo m\u00edsu&#8220;. Proto z&nbsp;t\u00e9to situace t\u011b\u017e\u00ed pouze Fistulov\u00e9, kte\u0159\u00ed ulov\u00ed mal\u00e9ho \u010desk\u00e9ho Foustku na jednoduch\u00e9 \u0159e\u0161en\u00ed.<\/p>\n<p>Pokud bude selh\u00e1vat politick\u00e1 sc\u00e9na a&nbsp;ob\u010dansk\u00e1 spole\u010dnost se dostate\u010dn\u011b neprobud\u00ed, bude jejich v\u00fdlov z&nbsp;evropsk\u00e9ho rybn\u00edka doopravdy st\u00e1t za to. D\u011bkujeme Jindrovi, \u017ee v&nbsp;\u010dase adventu se s&nbsp;n\u00e1mi zastavil a&nbsp;pod\u011blil se o&nbsp;sv\u00e9 z\u00e1\u017eitky z&nbsp;Cesty.<\/p>\n<p>M\u016f\u017eeme si jen p\u0159\u00e1t, abychom jim spole\u010dn\u00fdmi silami v&nbsp;p\u0159\u00ed\u0161t\u00edm roce ten rybn\u00edk vypustili. Za klidn\u00fd advent v&nbsp;Evrop\u011b.<\/p>\n<div style=\"text-align: right;\">Ivo Chochol\u00e1\u010d<\/div>\n<div style=\"text-align: right;\">Autor fotografi\u00ed: Veronika Koukolov\u00e1<\/div>\n<p><a href=\"http:\/\/jicinsky.denik.cz\/zpravy_region\/evropa-v-case-nula-a-jaka-vlastne-bude-20151209.html\" target=\"_blank\">Zdroj: Ji\u010d\u00ednsk\u00fd den\u00edk<\/a><br \/>\n<!-- default-view.php -->\n<div\n\tclass=\"ngg-galleryoverview default-view\n\t ngg-ajax-pagination-none\t\"\n\tid=\"ngg-gallery-444e90ad17f506428ac78738ac3a40ce-1\"\n\tdata-gallery-id=\"54\">\n\n\t\t<!-- Thumbnails -->\n\t\t\t\t<div id=\"ngg-image-0\" class=\"ngg-gallery-thumbnail-box\n\t\t\t\t\t\t\t\tngg-5-columns\t\t\t\"\n\t\t\t>\n\t\t\t\t\t\t<div class=\"ngg-gallery-thumbnail\">\n\t\t\t<a href=\"https:\/\/www.gymhorice.cz\/wp-content\/gallery\/2015-12-11\/2015-12-11-beseda-sarson-01.jpg\"\n\t\t\t\ttitle=\"\"\n\t\t\t\tdata-src=\"https:\/\/www.gymhorice.cz\/wp-content\/gallery\/2015-12-11\/2015-12-11-beseda-sarson-01.jpg\"\n\t\t\t\tdata-thumbnail=\"https:\/\/www.gymhorice.cz\/wp-content\/gallery\/2015-12-11\/thumbs\/thumbs_2015-12-11-beseda-sarson-01.jpg\"\n\t\t\t\tdata-image-id=\"503\"\n\t\t\t\tdata-title=\"2015-12-11-beseda-sarson-01\"\n\t\t\t\tdata-description=\"\"\n\t\t\t\tdata-image-slug=\"2015-12-11-beseda-sarson-01\"\n\t\t\t\t\t\t\t\t\t\t\t\t\t\t\t\t\t\t\t\tclass=\"ngg-fancybox\" rel=\"444e90ad17f506428ac78738ac3a40ce\">\n\t\t\t\t\t\t\t\t<img\n\t\t\t\t\ttitle=\"2015-12-11-beseda-sarson-01\"\n\t\t\t\t\talt=\"2015-12-11-beseda-sarson-01\"\n\t\t\t\t\tsrc=\"https:\/\/www.gymhorice.cz\/wp-content\/gallery\/2015-12-11\/cache\/2015-12-11-beseda-sarson-01.jpg-nggid03503-ngg0dyn-150x100x100-00f0w010c010r110f110r010t010.jpg\"\n\t\t\t\t\twidth=\"150\"\n\t\t\t\t\theight=\"100\"\n\t\t\t\t\tstyle=\"max-width:100%;\"\n\t\t\t\t\/>\n\t\t\t<\/a>\n\t\t<\/div>\n\t\t\t\t\t\t\t<\/div>\n\t\t\t\n\t\n\t<br style=\"clear: both\" \/>\n\n\t\n\t\t<!-- Pagination -->\n\t\t<div class='ngg-clear'><\/div>\t<\/div>\n<\/p>\n","protected":false},"excerpt":{"rendered":"<p>Na Ho\u0159ick\u00e9m gymn\u00e1ziu se v&nbsp;pond\u011bl\u00ed zastavil Jindra \u0160ar\u0161on, kter\u00fd se vr\u00e1til z&nbsp;lokality \u0160id na srbsko-chorvatsk\u00e9 hranici. Rozhodl se nab\u00eddnout sv\u016fj automobil pro pos\u00e1dku, kterou p\u0159edem neznal, aby se rozjel jako dobrovoln\u00edk a&nbsp;pomohl uprchl\u00edk\u016fm spolu s&nbsp;ostatn\u00edmi. Pos\u00e1dka \u010d\u00edtala celkem \u0161est na\u0161ich spoluob\u010dan\u016f r\u016fzn\u00e9ho zam\u011b\u0159en\u00ed. Z&nbsp;jeho vypr\u00e1v\u011bn\u00ed se studenti m\u011bli mo\u017enost sami &#8230; <a title=\"Evropa v&nbsp;\u010dase nula \u2013 a&nbsp;jak\u00e1 vlastn\u011b bude?\" class=\"read-more\" href=\"https:\/\/www.gymhorice.cz\/?p=4342\" aria-label=\"\u010c\u00edst v\u00edce o Evropa v&nbsp;\u010dase nula \u2013 a&nbsp;jak\u00e1 vlastn\u011b bude?\">p\u0159e\u010d\u00edst v\u0161e<\/a><\/p>\n","protected":false},"author":2,"featured_media":0,"comment_status":"closed","ping_status":"closed","sticky":false,"template":"","format":"standard","meta":{"ngg_post_thumbnail":0,"footnotes":""},"categories":[2],"tags":[36],"class_list":["post-4342","post","type-post","status-publish","format-standard","hentry","category-aktuality","tag-akce"],"_links":{"self":[{"href":"https:\/\/www.gymhorice.cz\/index.php?rest_route=\/wp\/v2\/posts\/4342","targetHints":{"allow":["GET"]}}],"collection":[{"href":"https:\/\/www.gymhorice.cz\/index.php?rest_route=\/wp\/v2\/posts"}],"about":[{"href":"https:\/\/www.gymhorice.cz\/index.php?rest_route=\/wp\/v2\/types\/post"}],"author":[{"embeddable":true,"href":"https:\/\/www.gymhorice.cz\/index.php?rest_route=\/wp\/v2\/users\/2"}],"replies":[{"embeddable":true,"href":"https:\/\/www.gymhorice.cz\/index.php?rest_route=%2Fwp%2Fv2%2Fcomments&post=4342"}],"version-history":[{"count":3,"href":"https:\/\/www.gymhorice.cz\/index.php?rest_route=\/wp\/v2\/posts\/4342\/revisions"}],"predecessor-version":[{"id":4347,"href":"https:\/\/www.gymhorice.cz\/index.php?rest_route=\/wp\/v2\/posts\/4342\/revisions\/4347"}],"wp:attachment":[{"href":"https:\/\/www.gymhorice.cz\/index.php?rest_route=%2Fwp%2Fv2%2Fmedia&parent=4342"}],"wp:term":[{"taxonomy":"category","embeddable":true,"href":"https:\/\/www.gymhorice.cz\/index.php?rest_route=%2Fwp%2Fv2%2Fcategories&post=4342"},{"taxonomy":"post_tag","embeddable":true,"href":"https:\/\/www.gymhorice.cz\/index.php?rest_route=%2Fwp%2Fv2%2Ftags&post=4342"}],"curies":[{"name":"wp","href":"https:\/\/api.w.org\/{rel}","templated":true}]}}