{"id":4081,"date":"2015-10-14T16:29:01","date_gmt":"2015-10-14T15:29:01","guid":{"rendered":"http:\/\/www.gymhorice.cz\/?p=4081"},"modified":"2015-10-14T16:30:30","modified_gmt":"2015-10-14T15:30:30","slug":"beseda-s-evou-francovou","status":"publish","type":"post","link":"https:\/\/www.gymhorice.cz\/?p=4081","title":{"rendered":"Beseda s&nbsp;Evou Francovou"},"content":{"rendered":"<p>\u010ctvrtek 22.&nbsp;10.&nbsp;2015 v&nbsp;16 hodin v&nbsp;budov\u011b \u0161koly.<br \/>\nSrde\u010dn\u011b V\u00e1s zveme na besedu s&nbsp;Evou Francovou, kucha\u0159kou ze Svatoj\u00e1nu. Eva nen\u00ed jen zn\u00e1mou kucha\u0159kou, je p\u0159edev\u0161\u00edm pozoruhodnou osobnost\u00ed a&nbsp;m\u016f\u017ee b\u00fdt mnoh\u00fdm z&nbsp;n\u00e1s velkou inspirac\u00ed v&nbsp;r\u016fzn\u00fdch oblastech \u017eivota.<br \/>\nBudeme r\u00e1di, kdy\u017e p\u0159ivedete sv\u00e9 p\u0159\u00e1tele a&nbsp;zn\u00e1m\u00e9.<\/p>\n<p><a href=\"http:\/\/www.gymhorice.cz\/?attachment_id=4084\" rel=\"attachment wp-att-4084\"><img loading=\"lazy\" decoding=\"async\" class=\"alignleft size-full wp-image-4084\" src=\"http:\/\/www.gymhorice.cz\/wp-content\/uploads\/2015\/10\/2015-10-22-eva-francova.jpg\" alt=\"2015-10-22-eva-francova\" width=\"536\" height=\"759\" srcset=\"https:\/\/www.gymhorice.cz\/wp-content\/uploads\/2015\/10\/2015-10-22-eva-francova.jpg 536w, https:\/\/www.gymhorice.cz\/wp-content\/uploads\/2015\/10\/2015-10-22-eva-francova-94x133.jpg 94w, https:\/\/www.gymhorice.cz\/wp-content\/uploads\/2015\/10\/2015-10-22-eva-francova-141x200.jpg 141w, https:\/\/www.gymhorice.cz\/wp-content\/uploads\/2015\/10\/2015-10-22-eva-francova-212x300.jpg 212w\" sizes=\"auto, (max-width: 536px) 100vw, 536px\" \/><\/a><\/p>\n","protected":false},"excerpt":{"rendered":"<p>\u010ctvrtek 22.&nbsp;10.&nbsp;2015 v&nbsp;16 hodin v&nbsp;budov\u011b \u0161koly. Srde\u010dn\u011b V\u00e1s zveme na besedu s&nbsp;Evou Francovou, kucha\u0159kou ze Svatoj\u00e1nu. Eva nen\u00ed jen zn\u00e1mou kucha\u0159kou, je p\u0159edev\u0161\u00edm pozoruhodnou osobnost\u00ed a&nbsp;m\u016f\u017ee b\u00fdt mnoh\u00fdm z&nbsp;n\u00e1s velkou inspirac\u00ed v&nbsp;r\u016fzn\u00fdch oblastech \u017eivota. Budeme r\u00e1di, kdy\u017e p\u0159ivedete sv\u00e9 p\u0159\u00e1tele a&nbsp;zn\u00e1m\u00e9.<\/p>\n","protected":false},"author":2,"featured_media":0,"comment_status":"closed","ping_status":"closed","sticky":false,"template":"","format":"standard","meta":{"ngg_post_thumbnail":0,"footnotes":""},"categories":[2],"tags":[36],"class_list":["post-4081","post","type-post","status-publish","format-standard","hentry","category-aktuality","tag-akce"],"_links":{"self":[{"href":"https:\/\/www.gymhorice.cz\/index.php?rest_route=\/wp\/v2\/posts\/4081","targetHints":{"allow":["GET"]}}],"collection":[{"href":"https:\/\/www.gymhorice.cz\/index.php?rest_route=\/wp\/v2\/posts"}],"about":[{"href":"https:\/\/www.gymhorice.cz\/index.php?rest_route=\/wp\/v2\/types\/post"}],"author":[{"embeddable":true,"href":"https:\/\/www.gymhorice.cz\/index.php?rest_route=\/wp\/v2\/users\/2"}],"replies":[{"embeddable":true,"href":"https:\/\/www.gymhorice.cz\/index.php?rest_route=%2Fwp%2Fv2%2Fcomments&post=4081"}],"version-history":[{"count":2,"href":"https:\/\/www.gymhorice.cz\/index.php?rest_route=\/wp\/v2\/posts\/4081\/revisions"}],"predecessor-version":[{"id":4085,"href":"https:\/\/www.gymhorice.cz\/index.php?rest_route=\/wp\/v2\/posts\/4081\/revisions\/4085"}],"wp:attachment":[{"href":"https:\/\/www.gymhorice.cz\/index.php?rest_route=%2Fwp%2Fv2%2Fmedia&parent=4081"}],"wp:term":[{"taxonomy":"category","embeddable":true,"href":"https:\/\/www.gymhorice.cz\/index.php?rest_route=%2Fwp%2Fv2%2Fcategories&post=4081"},{"taxonomy":"post_tag","embeddable":true,"href":"https:\/\/www.gymhorice.cz\/index.php?rest_route=%2Fwp%2Fv2%2Ftags&post=4081"}],"curies":[{"name":"wp","href":"https:\/\/api.w.org\/{rel}","templated":true}]}}