{"id":3633,"date":"2015-08-05T16:14:24","date_gmt":"2015-08-05T15:14:24","guid":{"rendered":"http:\/\/www.gymhorice.cz\/?p=3633"},"modified":"2015-09-23T14:04:37","modified_gmt":"2015-09-23T13:04:37","slug":"po-prazdninach-za-hranice","status":"publish","type":"post","link":"https:\/\/www.gymhorice.cz\/?p=3633","title":{"rendered":"Po pr\u00e1zdnin\u00e1ch za hranice!"},"content":{"rendered":"<p><img loading=\"lazy\" decoding=\"async\" class=\" size-full wp-image-3950 aligncenter\" src=\"http:\/\/www.gymhorice.cz\/wp-content\/uploads\/2015\/09\/komplet_esf-eu-msmt-opvk-sTextem-500.jpg\" alt=\"_komplet_esf-eu-msmt-opvk-sTextem-500\" width=\"500\" height=\"99\" srcset=\"https:\/\/www.gymhorice.cz\/wp-content\/uploads\/2015\/09\/komplet_esf-eu-msmt-opvk-sTextem-500.jpg 500w, https:\/\/www.gymhorice.cz\/wp-content\/uploads\/2015\/09\/komplet_esf-eu-msmt-opvk-sTextem-500-200x40.jpg 200w, https:\/\/www.gymhorice.cz\/wp-content\/uploads\/2015\/09\/komplet_esf-eu-msmt-opvk-sTextem-500-300x59.jpg 300w, https:\/\/www.gymhorice.cz\/wp-content\/uploads\/2015\/09\/komplet_esf-eu-msmt-opvk-sTextem-500-400x79.jpg 400w\" sizes=\"auto, (max-width: 500px) 100vw, 500px\" \/><br \/>\nM\u00e1me velkou radost, proto\u017ee \u0161koln\u00ed projekt <strong>Poznat a&nbsp;porozum\u011bt, pochopit a&nbsp;sp\u0159\u00e1telit se<\/strong> usp\u011bl v\u00a0procesu hodnocen\u00ed a&nbsp;bude podpo\u0159en z&nbsp;OP VK, kter\u00fd je spolufinancov\u00e1n ESF a&nbsp;st\u00e1tn\u00edm rozpo\u010dtem \u010cesk\u00e9 republiky, tzv.&nbsp;<a href=\"http:\/\/www.msmt.cz\/strukturalni-fondy-1\/nova-vyzva-umozni-ucitelum-i-zakum-vycestovat-do-zahranici\" target=\"_blank\">V\u00fdzva \u010d.&nbsp;56<\/a>. <!--more-->V\u00fdzva je zam\u011b\u0159ena na rozvoj \u010dten\u00e1\u0159sk\u00e9 gramotnosti a&nbsp;na podporu jazykov\u00e9ho, p\u0159\u00edrodov\u011bdn\u00e9ho a&nbsp;technick\u00e9ho vzd\u011bl\u00e1v\u00e1n\u00ed v\u010detn\u011b matematiky.<br \/>\nCo to pro n\u00e1s konkr\u00e9tn\u011b znamen\u00e1? Formou \u010dten\u00e1\u0159sk\u00fdch d\u00edlen podpo\u0159\u00edme \u010dten\u00e1\u0159stv\u00ed student\u016f a&nbsp;do \u0161koln\u00ed knihovny nakoup\u00edme odbornou literaturu a&nbsp;knihy k\u00a0maturit\u011b. U\u010ditel\u00e9 se budou vzd\u011bl\u00e1vat v\u00a0oblasti veden\u00ed \u010dten\u00e1\u0159sk\u00fdch d\u00edlen a&nbsp;b\u011bhem \u0159\u00edjna a&nbsp;listopadu n\u011bkte\u0159\u00ed vyjedou na zahrani\u010dn\u00ed st\u00e1\u017e do \u0161kol podobn\u00e9ho typu nebo na vzd\u011bl\u00e1vac\u00ed jazykov\u00fd pobyt. <strong>A pro na\u0161e studenty to znamen\u00e1, \u017ee na podzim odjedou na pozn\u00e1vac\u00ed z\u00e1jezd do Anglie s\u00a0v\u00fdukou angli\u010dtiny zcela ZDARMA.<\/strong> Jedinou podm\u00ednkou je, aby odjeli v\u0161ichni studenti \u0161koly.<\/p>\n<p>Cel\u00fd projekt prob\u011bhne do konce roku 2015.<\/p>\n<p>Bli\u017e\u0161\u00ed informace budeme postupn\u011b zve\u0159ej\u0148ovat.<\/p>\n<p>&nbsp;<\/p>\n","protected":false},"excerpt":{"rendered":"<p>M\u00e1me velkou radost, proto\u017ee \u0161koln\u00ed projekt Poznat a&nbsp;porozum\u011bt, pochopit a&nbsp;sp\u0159\u00e1telit se usp\u011bl v\u00a0procesu hodnocen\u00ed a&nbsp;bude podpo\u0159en z&nbsp;OP VK, kter\u00fd je spolufinancov\u00e1n ESF a&nbsp;st\u00e1tn\u00edm rozpo\u010dtem \u010cesk\u00e9 republiky, tzv.&nbsp;V\u00fdzva \u010d.&nbsp;56.<\/p>\n","protected":false},"author":2,"featured_media":0,"comment_status":"closed","ping_status":"closed","sticky":false,"template":"","format":"standard","meta":{"ngg_post_thumbnail":0,"footnotes":""},"categories":[2],"tags":[36],"class_list":["post-3633","post","type-post","status-publish","format-standard","hentry","category-aktuality","tag-akce"],"_links":{"self":[{"href":"https:\/\/www.gymhorice.cz\/index.php?rest_route=\/wp\/v2\/posts\/3633","targetHints":{"allow":["GET"]}}],"collection":[{"href":"https:\/\/www.gymhorice.cz\/index.php?rest_route=\/wp\/v2\/posts"}],"about":[{"href":"https:\/\/www.gymhorice.cz\/index.php?rest_route=\/wp\/v2\/types\/post"}],"author":[{"embeddable":true,"href":"https:\/\/www.gymhorice.cz\/index.php?rest_route=\/wp\/v2\/users\/2"}],"replies":[{"embeddable":true,"href":"https:\/\/www.gymhorice.cz\/index.php?rest_route=%2Fwp%2Fv2%2Fcomments&post=3633"}],"version-history":[{"count":9,"href":"https:\/\/www.gymhorice.cz\/index.php?rest_route=\/wp\/v2\/posts\/3633\/revisions"}],"predecessor-version":[{"id":3954,"href":"https:\/\/www.gymhorice.cz\/index.php?rest_route=\/wp\/v2\/posts\/3633\/revisions\/3954"}],"wp:attachment":[{"href":"https:\/\/www.gymhorice.cz\/index.php?rest_route=%2Fwp%2Fv2%2Fmedia&parent=3633"}],"wp:term":[{"taxonomy":"category","embeddable":true,"href":"https:\/\/www.gymhorice.cz\/index.php?rest_route=%2Fwp%2Fv2%2Fcategories&post=3633"},{"taxonomy":"post_tag","embeddable":true,"href":"https:\/\/www.gymhorice.cz\/index.php?rest_route=%2Fwp%2Fv2%2Ftags&post=3633"}],"curies":[{"name":"wp","href":"https:\/\/api.w.org\/{rel}","templated":true}]}}