{"id":19513,"date":"2025-12-20T14:23:02","date_gmt":"2025-12-20T13:23:02","guid":{"rendered":"https:\/\/www.gymhorice.cz\/?p=19513"},"modified":"2026-01-08T14:28:35","modified_gmt":"2026-01-08T13:28:35","slug":"studenti-horickeho-gymnazia-nahledli-do-sveta-spickove-vedy-v-cernu","status":"publish","type":"post","link":"https:\/\/www.gymhorice.cz\/?p=19513","title":{"rendered":"Studenti Ho\u0159ick\u00e9ho gymn\u00e1zia nahl\u00e9dli do sv\u011bta \u0161pi\u010dkov\u00e9 v\u011bdy v&nbsp;CERNu"},"content":{"rendered":"<p>V polovin\u011b prosince se skupina dvan\u00e1cti student\u016f Ho\u0159ick\u00e9ho gymn\u00e1zia vydala na zahrani\u010dn\u00ed v\u00fdjezd do jednoho z&nbsp;nejv\u00fdznamn\u011bj\u0161\u00edch v\u011bdeck\u00fdch center sv\u011bta \u2013 <strong><span style=\"color: #3366ff;\">Evropsk\u00e9 organizace pro jadern\u00fd v\u00fdzkum<\/span><\/strong> (CERN) u&nbsp;\u017denevy. V\u00fdpravy se z\u00fa\u010dastnili studenti prvn\u00edho a\u017e t\u0159et\u00edho ro\u010dn\u00edku, p\u0159ev\u00e1\u017en\u011b z\u00e1jemci o&nbsp;p\u0159\u00edrodn\u00ed v\u011bdy a&nbsp;modern\u00ed fyziku.<br \/>\nV\u00fdjezdu se \u00fa\u010dastnil mimo jin\u00e9 tak\u00e9 extern\u00ed pedagog, kter\u00fd v&nbsp;<strong><span style=\"color: #3366ff;\">CERN<\/span><\/strong>u p\u0159ed n\u011bkolika lety s\u00e1m p\u016fsobil. D\u00edky tomu m\u011bli studenti jedine\u010dnou p\u0159\u00edle\u017eitost nahl\u00e9dnout nejen do are\u00e1lu, ale i&nbsp;do skute\u010dn\u00e9ho fungov\u00e1n\u00ed mezin\u00e1rodn\u00edho v\u011bdeck\u00e9ho pracovi\u0161t\u011b.<br \/>\nProgram n\u00e1v\u0161t\u011bvy byl velmi bohat\u00fd. Studenti nejprve nav\u0161t\u00edvili ve\u0159ejnou CERN expozici, kde se sezn\u00e1mili se z\u00e1kladn\u00edmi my\u0161lenkami \u010d\u00e1sticov\u00e9 a&nbsp;kvantov\u00e9 fyziky prost\u0159ednictv\u00edm interaktivn\u00edch instalac\u00ed. Velk\u00fd ohlas vzbudila nap\u0159\u00edklad ml\u017en\u00e1 komora, ve kter\u00e9 je mo\u017en\u00e9 p\u0159\u00edmo pozorovat stopy ionizuj\u00edc\u00edch \u010d\u00e1stic. Pr\u00e1v\u011b zde si mnoz\u00ed poprv\u00e9 uv\u011bdomili, \u017ee i&nbsp;mikrosv\u011bt lze n\u011bjak\u00fdm zp\u016fsobem studovat a&nbsp;pozorovat na vlastn\u00ed o\u010di. Vrchol programu v\u0161ak p\u0159i\u0161el p\u0159i&nbsp;n\u00e1v\u0161t\u011bv\u011b samotn\u00fdch experiment\u016f. Studenti se pod\u00edvali k&nbsp;detektoru <strong><span style=\"color: #3366ff;\">ATLAS<\/span><\/strong>, jednomu z&nbsp;nejv\u011bt\u0161\u00edch a&nbsp;nejzn\u00e1m\u011bj\u0161\u00edch experiment\u016f Velk\u00e9ho hadronov\u00e9ho urychlova\u010de, a&nbsp;tak\u00e9 k&nbsp;experimentu <strong><span style=\"color: #3366ff;\">AMBER<\/span><\/strong>, zam\u011b\u0159en\u00e9mu na v\u00fdzkum struktury hmoty. I&nbsp;kdy\u017e se samotn\u00e9 urychlova\u010de nach\u00e1zej\u00ed hluboko pod zem\u00ed, mo\u017enost nahl\u00e9dnout do \u0159\u00eddic\u00edch m\u00edstnost\u00ed \u2013 by\u0165 jen p\u0159es sklo \u2013 byla pro mnoh\u00e9 siln\u00fdm z\u00e1\u017eitkem.<br \/>\nZaj\u00edmavost\u00ed bylo i&nbsp;jazykov\u00e9 prost\u0159ed\u00ed. Prvn\u00ed \u010d\u00e1st prohl\u00eddky prob\u00edhala v&nbsp;\u010de\u0161tin\u011b, kterou vedl jeden ze zam\u011bstnanc\u016f CERNu. Studenti se tak dozv\u011bd\u011bli, \u017ee z&nbsp;cel\u00e9 zam\u011bstnaneck\u00e9 komunity v&nbsp;CERNu tvo\u0159\u00ed \u010desk\u00e9 j\u00e1dro pouze t\u0159i \u010ce\u0161i, co\u017e mnoh\u00e9 p\u0159ekvapilo. Dal\u0161\u00ed \u010d\u00e1sti v\u00fdkladu u\u017e prob\u00edhaly v&nbsp;angli\u010dtin\u011b, a&nbsp;studenti tak m\u011bli mo\u017enost ov\u011b\u0159it si sv\u00e9 jazykov\u00e9 schopnosti v&nbsp;autentick\u00e9m prost\u0159ed\u00ed.<br \/>\nVedle samotn\u00e9 v\u011bdy zaujala studenty i&nbsp;atmosf\u00e9ra cel\u00e9ho are\u00e1lu. Nadchla je nap\u0159\u00edklad spole\u010dn\u00e1 j\u00eddelna, kde se potk\u00e1vaj\u00ed v\u011bdci, in\u017een\u00fd\u0159i a&nbsp;technici z&nbsp;des\u00edtek zem\u00ed sv\u011bta. Pr\u00e1v\u011b zde bylo mo\u017en\u00e9 naplno poc\u00edtit mezin\u00e1rodn\u00ed charakter CERNu a&nbsp;fakt, \u017ee v\u011bda dnes vznik\u00e1 p\u0159edev\u0161\u00edm d\u00edky spolupr\u00e1ci lid\u00ed r\u016fzn\u00fdch n\u00e1rodnost\u00ed, kultur i&nbsp;obor\u016f. Mnoh\u00e9 p\u0159ekvapilo tak\u00e9 to, \u017ee CERN se nev\u011bnuje pouze z\u00e1kladn\u00edmu v\u00fdzkumu, ale m\u00e1 v\u00fdznamn\u00e9 p\u0159esahy nap\u0159\u00edklad do medic\u00edny a&nbsp;zdravotnick\u00fdch technologi\u00ed.<\/p>\n<p>V\u00fdjezd navazoval na workshop o&nbsp;urychlova\u010d\u00edch a&nbsp;detektorech \u010d\u00e1stic, kter\u00fd se uskute\u010dnil je\u0161t\u011b p\u0159ed samotnou cestou. Studenti tak do CERNu nep\u0159ijeli \u201enep\u0159ipraveni\u201c, ale mohli si nov\u00e9 poznatky rovnou zasadit do \u0161ir\u0161\u00edho kontextu. Podle doprov\u00e1zej\u00edc\u00edch u\u010ditel\u016f byl nejv\u011bt\u0161\u00edm p\u0159\u00ednosem cel\u00e9 akce nejen odborn\u00fd obsah, ale i&nbsp;osobn\u00ed zku\u0161enost student\u016f. Mnoz\u00ed p\u0159evzali my\u0161lenku, \u017ee vyjet do zahrani\u010d\u00ed za studiem nebo prac\u00ed nen\u00ed tak nedostupn\u00e9, jak se m\u016f\u017ee zd\u00e1t \u2013 a&nbsp;\u017ee jazykov\u00e1 bari\u00e9ra \u010di&nbsp;obavy z&nbsp;nezn\u00e1ma by nem\u011bly b\u00fdt p\u0159ek\u00e1\u017ekou. Atmosf\u00e9ra v\u00fdjezdu byla po&nbsp;celou dobu velmi pozitivn\u00ed a&nbsp;studenti odj\u00ed\u017ed\u011bli nad\u0161en\u00ed a&nbsp;pln\u00ed dojm\u016f.<br \/>\nN\u00e1v\u0161t\u011bva CERNu tak nebyla jen exkurz\u00ed do sv\u011bta modern\u00ed fyziky, ale tak\u00e9 silnou motivac\u00ed a&nbsp;inspirac\u00ed do budoucna.<\/p>\n<p>Zby\u0161ek Klimpl<\/p>\n","protected":false},"excerpt":{"rendered":"<p>V polovin\u011b prosince se skupina dvan\u00e1cti student\u016f Ho\u0159ick\u00e9ho gymn\u00e1zia vydala na zahrani\u010dn\u00ed v\u00fdjezd do jednoho z&nbsp;nejv\u00fdznamn\u011bj\u0161\u00edch v\u011bdeck\u00fdch center sv\u011bta \u2013 Evropsk\u00e9 organizace pro jadern\u00fd v\u00fdzkum (CERN) u&nbsp;\u017denevy. V\u00fdpravy se z\u00fa\u010dastnili studenti prvn\u00edho a\u017e t\u0159et\u00edho ro\u010dn\u00edku, p\u0159ev\u00e1\u017en\u011b z\u00e1jemci o&nbsp;p\u0159\u00edrodn\u00ed v\u011bdy a&nbsp;modern\u00ed fyziku. V\u00fdjezdu se \u00fa\u010dastnil mimo jin\u00e9 tak\u00e9 extern\u00ed pedagog, kter\u00fd &#8230; <a title=\"Studenti Ho\u0159ick\u00e9ho gymn\u00e1zia nahl\u00e9dli do sv\u011bta \u0161pi\u010dkov\u00e9 v\u011bdy v&nbsp;CERNu\" class=\"read-more\" href=\"https:\/\/www.gymhorice.cz\/?p=19513\" aria-label=\"\u010c\u00edst v\u00edce o Studenti Ho\u0159ick\u00e9ho gymn\u00e1zia nahl\u00e9dli do sv\u011bta \u0161pi\u010dkov\u00e9 v\u011bdy v&nbsp;CERNu\">p\u0159e\u010d\u00edst v\u0161e<\/a><\/p>\n","protected":false},"author":16,"featured_media":0,"comment_status":"closed","ping_status":"closed","sticky":false,"template":"","format":"standard","meta":{"ngg_post_thumbnail":0,"footnotes":""},"categories":[2],"tags":[36],"class_list":["post-19513","post","type-post","status-publish","format-standard","hentry","category-aktuality","tag-akce"],"_links":{"self":[{"href":"https:\/\/www.gymhorice.cz\/index.php?rest_route=\/wp\/v2\/posts\/19513","targetHints":{"allow":["GET"]}}],"collection":[{"href":"https:\/\/www.gymhorice.cz\/index.php?rest_route=\/wp\/v2\/posts"}],"about":[{"href":"https:\/\/www.gymhorice.cz\/index.php?rest_route=\/wp\/v2\/types\/post"}],"author":[{"embeddable":true,"href":"https:\/\/www.gymhorice.cz\/index.php?rest_route=\/wp\/v2\/users\/16"}],"replies":[{"embeddable":true,"href":"https:\/\/www.gymhorice.cz\/index.php?rest_route=%2Fwp%2Fv2%2Fcomments&post=19513"}],"version-history":[{"count":1,"href":"https:\/\/www.gymhorice.cz\/index.php?rest_route=\/wp\/v2\/posts\/19513\/revisions"}],"predecessor-version":[{"id":19514,"href":"https:\/\/www.gymhorice.cz\/index.php?rest_route=\/wp\/v2\/posts\/19513\/revisions\/19514"}],"wp:attachment":[{"href":"https:\/\/www.gymhorice.cz\/index.php?rest_route=%2Fwp%2Fv2%2Fmedia&parent=19513"}],"wp:term":[{"taxonomy":"category","embeddable":true,"href":"https:\/\/www.gymhorice.cz\/index.php?rest_route=%2Fwp%2Fv2%2Fcategories&post=19513"},{"taxonomy":"post_tag","embeddable":true,"href":"https:\/\/www.gymhorice.cz\/index.php?rest_route=%2Fwp%2Fv2%2Ftags&post=19513"}],"curies":[{"name":"wp","href":"https:\/\/api.w.org\/{rel}","templated":true}]}}