{"id":15954,"date":"2023-03-03T19:20:37","date_gmt":"2023-03-03T18:20:37","guid":{"rendered":"https:\/\/www.gymhorice.cz\/?p=15954"},"modified":"2023-05-14T19:26:15","modified_gmt":"2023-05-14T18:26:15","slug":"staz-na-max-eyth-schule-ve-stuttgartu","status":"publish","type":"post","link":"https:\/\/www.gymhorice.cz\/?p=15954","title":{"rendered":"St\u00e1\u017e na Max-Eyth-Schule ve Stuttgartu"},"content":{"rendered":"<p>B\u011bhem jarn\u00edch pr\u00e1zdnin jsme s&nbsp;kolegyn\u00ed <strong>Krist\u00fdnou Bal\u00e1\u017eovou<\/strong> vyjely v&nbsp;r\u00e1mci projektu<br \/>\nSt\u00ednov\u00e1n\u00ed do N\u011bmecka. Str\u00e1vily jsme t\u00fdden na Max-Eyth-Schule ve Stuttgartu; jedn\u00e1 se o<br \/>\nintegrovanou st\u0159edn\u00ed \u0161kolu a&nbsp;my jsme nav\u0161t\u00edvily Technisches Gymnasium. Pobyt zde byl velmi<br \/>\nintenzivn\u00ed a&nbsp;p\u0159\u00ednosn\u00fd, jak po&nbsp;str\u00e1nce metodick\u00e9, tak obsahov\u00e9. Nav\u0161t\u011bvovaly jsme hodiny<br \/>\nangli\u010dtiny, n\u00e1bo\u017eenstv\u00ed, d\u011bjepisu, ob\u010dansk\u00e9 v\u00fdchovy a&nbsp;n\u011bmeck\u00e9ho jazyka \u2013 literatury i<br \/>\nmluvnice, za\u017eily jsme tandemovou v\u00fduku a&nbsp;maturitn\u00ed semin\u00e1\u0159e. Samoz\u0159ejmost\u00ed je p\u0159esah<br \/>\nprob\u00edran\u00e9 l\u00e1tky do aktu\u00e1ln\u00edch celospole\u010densk\u00fdch t\u00e9mat.<br \/>\nDo\u0161lo i&nbsp;na v\u00fdlet do bl\u00edzk\u00e9ho okol\u00ed a&nbsp;v\u00fdstup na nejstar\u0161\u00ed televizn\u00ed v\u011b\u017e na sv\u011bt\u011b. Nechaly jsme se<br \/>\nokouzlit bl\u00edzk\u00fdm barokn\u00edm m\u011bstem Ludwigsburg a&nbsp;z\u00e1padem slunce u&nbsp;jezera Monrepos. Velmi<br \/>\noce\u0148ujeme p\u0159\u00e1telsk\u00fd p\u0159\u00edstup n\u011bmeck\u00fdch koleg\u016f, n\u011bkte\u0159\u00ed z&nbsp;nich n\u00e1m v\u011bnovali opravdu hodn\u011b<br \/>\nsv\u00e9ho voln\u00e9ho \u010dasu.<br \/>\nV\u011b\u0159\u00edme, \u017ee jsme nav\u00e1zaly dobr\u00e9 kontakty, kter\u00e9 budou pokra\u010dovat i&nbsp;v&nbsp;budoucnu.<\/p>\n<p>Ellen Klou\u010dkov\u00e1<br \/>\nHo\u0159ick\u00e9 gymn\u00e1zium<\/p>\nngg_shortcode_0_placeholder\n","protected":false},"excerpt":{"rendered":"<p>B\u011bhem jarn\u00edch pr\u00e1zdnin jsme s&nbsp;kolegyn\u00ed Krist\u00fdnou Bal\u00e1\u017eovou vyjely v&nbsp;r\u00e1mci projektu St\u00ednov\u00e1n\u00ed do N\u011bmecka. Str\u00e1vily jsme t\u00fdden na Max-Eyth-Schule ve Stuttgartu; jedn\u00e1 se o&nbsp;integrovanou st\u0159edn\u00ed \u0161kolu a&nbsp;my jsme nav\u0161t\u00edvily Technisches Gymnasium. Pobyt zde byl velmi intenzivn\u00ed a&nbsp;p\u0159\u00ednosn\u00fd, jak po&nbsp;str\u00e1nce metodick\u00e9, tak obsahov\u00e9. Nav\u0161t\u011bvovaly jsme hodiny angli\u010dtiny, n\u00e1bo\u017eenstv\u00ed, d\u011bjepisu, ob\u010dansk\u00e9 v\u00fdchovy &#8230; <a title=\"St\u00e1\u017e na Max-Eyth-Schule ve Stuttgartu\" class=\"read-more\" href=\"https:\/\/www.gymhorice.cz\/?p=15954\" aria-label=\"\u010c\u00edst v\u00edce o St\u00e1\u017e na Max-Eyth-Schule ve Stuttgartu\">p\u0159e\u010d\u00edst v\u0161e<\/a><\/p>\n","protected":false},"author":11,"featured_media":0,"comment_status":"closed","ping_status":"closed","sticky":false,"template":"","format":"standard","meta":{"ngg_post_thumbnail":0,"footnotes":""},"categories":[2],"tags":[36],"class_list":["post-15954","post","type-post","status-publish","format-standard","hentry","category-aktuality","tag-akce"],"_links":{"self":[{"href":"https:\/\/www.gymhorice.cz\/index.php?rest_route=\/wp\/v2\/posts\/15954","targetHints":{"allow":["GET"]}}],"collection":[{"href":"https:\/\/www.gymhorice.cz\/index.php?rest_route=\/wp\/v2\/posts"}],"about":[{"href":"https:\/\/www.gymhorice.cz\/index.php?rest_route=\/wp\/v2\/types\/post"}],"author":[{"embeddable":true,"href":"https:\/\/www.gymhorice.cz\/index.php?rest_route=\/wp\/v2\/users\/11"}],"replies":[{"embeddable":true,"href":"https:\/\/www.gymhorice.cz\/index.php?rest_route=%2Fwp%2Fv2%2Fcomments&post=15954"}],"version-history":[{"count":2,"href":"https:\/\/www.gymhorice.cz\/index.php?rest_route=\/wp\/v2\/posts\/15954\/revisions"}],"predecessor-version":[{"id":15960,"href":"https:\/\/www.gymhorice.cz\/index.php?rest_route=\/wp\/v2\/posts\/15954\/revisions\/15960"}],"wp:attachment":[{"href":"https:\/\/www.gymhorice.cz\/index.php?rest_route=%2Fwp%2Fv2%2Fmedia&parent=15954"}],"wp:term":[{"taxonomy":"category","embeddable":true,"href":"https:\/\/www.gymhorice.cz\/index.php?rest_route=%2Fwp%2Fv2%2Fcategories&post=15954"},{"taxonomy":"post_tag","embeddable":true,"href":"https:\/\/www.gymhorice.cz\/index.php?rest_route=%2Fwp%2Fv2%2Ftags&post=15954"}],"curies":[{"name":"wp","href":"https:\/\/api.w.org\/{rel}","templated":true}]}}