{"id":15948,"date":"2023-04-11T12:34:24","date_gmt":"2023-04-11T11:34:24","guid":{"rendered":"https:\/\/www.gymhorice.cz\/?p=15948"},"modified":"2023-05-14T19:30:50","modified_gmt":"2023-05-14T18:30:50","slug":"kulturou-proti-antisemitismu-2023","status":"publish","type":"post","link":"https:\/\/www.gymhorice.cz\/?p=15948","title":{"rendered":"Kulturou proti antisemitismu 2023"},"content":{"rendered":"<p>V&nbsp;leto\u0161n\u00edm roce jsme se s&nbsp;n\u011bkolika studenty op\u011bt z\u00fa\u010dastnili projektu Kulturou proti antisemitismu.<br \/>\nLeto\u0161n\u00ed 20.&nbsp;ro\u010dn\u00edk byl zam\u011b\u0159en na um\u011bn\u00ed o&nbsp;holocaustu. Do t\u00e9matu n\u00e1s uvedl webin\u00e1\u0159 s&nbsp;pan\u00ed <strong>Miriam Mouryc<\/strong> z&nbsp;pam\u00e1tn\u00edku Yad-Vashem v&nbsp;Jeruzal\u00e9m\u011b: uk\u00e1zala n\u00e1m dochovan\u00e9 obrazy a&nbsp;skici z&nbsp;tohoto obdob\u00ed a&nbsp;vysv\u011btlila jejich symboliku i&nbsp;vysokou dokumenta\u010dn\u00ed hodnotu. \u00dakolem student\u016f bylo pokusit se vytvo\u0159it n\u011bjak\u00e9 um\u011bleck\u00e9 d\u00edlko s&nbsp;touto t\u00e9matikou. U&nbsp;n\u00e1s nakonec vznikla dv\u011b: obraz na pl\u00e1tn\u011b, kreslen\u00fd \u00fahlem, kter\u00fd zachycoval p\u0159\u00edb\u011bh Evy Clarke, a&nbsp;film s&nbsp;p\u0159\u00edb\u011bhem skr\u00fdvan\u00e9ho \u017dida, kter\u00fd zahr\u00e1li, nafilmovali a&nbsp;sest\u0159\u00edhali studenti prvn\u00edho a&nbsp;druh\u00e9ho ro\u010dn\u00edku.<br \/>\nVrcholem projektu bylo mezin\u00e1rodn\u00ed studentsk\u00e9 setk\u00e1n\u00ed v&nbsp;Praze, kam p\u0159ijelo celkem asi 180 student\u016f ze st\u0159edn\u00edch \u0161kol z&nbsp;\u010cR, Slovenska a&nbsp;N\u011bmecka, ka\u017ed\u00e1 \u0161kola se sv\u00fdm projektem. \u017dasla jsem nad t\u00edm, jak nesm\u00edrn\u011b kreativn\u00ed studenti jsou a&nbsp;jak rozmanit\u00e1 d\u00edla dok\u00e1zali vytvo\u0159it; n\u011bkter\u00e1 z&nbsp;nich na opravdu mimo\u0159\u00e1dn\u00e9 \u00farovni.<br \/>\nDruh\u00fd den jsme se z\u00fa\u010dastnili pochodu dobr\u00e9 v\u016fle na podporu Izraele a&nbsp;vyj\u00e1d\u0159ili tak my\u0161lenku, \u017ee antisemitismus do slu\u0161n\u00e9 spole\u010dnosti nepat\u0159\u00ed. Letos n\u00e1s prov\u00e1zela obl\u00edben\u00e1 izraelsk\u00e1 p\u00edse\u0148 Chai \u2013 \u017divot, kterou na prostranstv\u00ed p\u0159ed Rudolfinem zp\u00edvalo n\u011bkolik set lid\u00ed.<br \/>\n<div  class=\"lgc-column lgc-grid-parent lgc-grid-20 lgc-tablet-grid-20 lgc-mobile-grid-100 lgc-equal-heights \"><div  class=\"inside-grid-column\"><\/div><\/div>\n<div  class=\"lgc-column lgc-grid-parent lgc-grid-80 lgc-tablet-grid-80 lgc-mobile-grid-100 lgc-equal-heights \"><div  class=\"inside-grid-column\"><br \/>\n<em>Ani ad chai! Ani ad chai!<\/em><br \/>\n<em>Jsem st\u00e1le \u017eiv, jsem st\u00e1le \u017eiv!<\/em><br \/>\n<em>Zp\u00edval to m\u016fj t\u00e1ta, jemu jeho t\u00e1ta,<\/em><br \/>\n<em>Dnes to zp\u00edv\u00e1m j\u00e1.<\/em><br \/>\n<em>Jsem st\u00e1le \u017eiv.<\/em><br \/>\n<em>Izrael je \u017eiv\u2026<\/em>\n<p><\/p><\/div><\/div><div class=\"lgc-clear\"><\/div>\nProgram pak pokra\u010doval ve Vald\u0161tejnsk\u00e9 zahrad\u011b. Sv\u00e9 projevy zde pronesly osobnosti \u010desk\u00e9 politiky i&nbsp;kultury, tak\u00e9 pan\u00ed velvyslankyn\u011b st\u00e1tu Izrael; ale nejvz\u00e1cn\u011bj\u0161\u00edm hostem byla pan\u00ed <strong>Helga Ho\u0161kov\u00e1-Weissov\u00e1<\/strong>, akademick\u00e1 mal\u00ed\u0159ka, jej\u00ed\u017e obr\u00e1zky z&nbsp;Terez\u00edna oblet\u011bly sv\u011bt. \u201eMaluj, co vid\u00ed\u0161\u201c, \u0159ekl j\u00ed tehdy tat\u00ednek, a&nbsp;ona to ud\u011blala. Dnes ji\u017e nem\u016f\u017ee vystupovat ze zdravotn\u00edch d\u016fvod\u016f, ale p\u0159ipomn\u011bli jsme si jej\u00ed p\u0159\u00edb\u011bh, a&nbsp;byla alespo\u0148 s&nbsp;n\u00e1mi a&nbsp;je uprost\u0159ed n\u00e1s na z\u00e1v\u011bre\u010dn\u00e9 fotografii z&nbsp;Vald\u0161tejsk\u00e9 zahrady.<br \/>\nV&nbsp;pod\u00e1n\u00ed jej\u00edch pravnou\u010dat zde zazn\u011bla hymna terez\u00ednsk\u00fdch d\u011bt\u00ed.<br \/>\nPond\u011bl\u00ed jsme str\u00e1vili v&nbsp;Terez\u00edn\u011b, n\u011bme\u010dt\u00ed studenti nav\u0161t\u00edvili Malou pevnost, \u010de\u0161t\u00ed a&nbsp;sloven\u0161t\u00ed pro\u0161li ghetto. V&nbsp;Magdebursk\u00fdch kas\u00e1rn\u00e1ch jsme m\u011bli mo\u017enost uvid\u011bt dal\u0161\u00ed dochovan\u00e9 obr\u00e1zky z&nbsp;Terez\u00edna, proto\u017ee zde za v\u00e1lky pob\u00fdvalo n\u011bkolik \u010desk\u00fdch mal\u00ed\u0159\u016f. Na\u0161e vzpom\u00edn\u00e1n\u00ed bylo zakon\u010deno pietn\u00edm aktem a&nbsp;spole\u010dnou fotografi\u00ed na zdej\u0161\u00edm h\u0159bitov\u011b ghetta.<br \/>\nV&nbsp;\u00fater\u00fd dopoledne jsme se naposledy se\u0161li v&nbsp;hotelov\u00e9m s\u00e1le k&nbsp;z\u00e1v\u011bre\u010dn\u00e9 reflexi. P\u0159esn\u011b na tento den p\u0159ipadnul izraelsk\u00fd sv\u00e1tek Yom Ha Shoah, den pam\u00e1tky ob\u011bt\u00ed holocaustu, kdy se za zvuk\u016f sir\u00e9n na dv\u011b minuty doslova zastav\u00ed \u017eivot v&nbsp;cel\u00e9m Izraeli. P\u0159idali jsme se.<br \/>\nOp\u011bt pat\u0159\u00ed velk\u00fd d\u00edk ICEJ, kter\u00e1 celou akci neuv\u011b\u0159iteln\u011b dob\u0159e zorganizovala, umo\u017enila student\u016fm dozv\u011bd\u011bt se mnoho nov\u00e9ho a&nbsp;za\u017e\u00edt toto n\u00e1dhern\u00e9 setk\u00e1n\u00ed. Chceme pod\u011bkovat i&nbsp;M\u011bstu Ho\u0159ice, kter\u00e9 n\u00e1\u0161 pobyt v&nbsp;Praze finan\u010dn\u011b podpo\u0159ilo.<br \/>\nEllen Klou\u010dkov\u00e1<br \/>\nHo\u0159ick\u00e9 gymn\u00e1zium<\/p>\nngg_shortcode_0_placeholder\n","protected":false},"excerpt":{"rendered":"<p>V&nbsp;leto\u0161n\u00edm roce jsme se s&nbsp;n\u011bkolika studenty op\u011bt z\u00fa\u010dastnili projektu Kulturou proti antisemitismu. Leto\u0161n\u00ed 20.&nbsp;ro\u010dn\u00edk byl zam\u011b\u0159en na um\u011bn\u00ed o&nbsp;holocaustu. Do t\u00e9matu n\u00e1s uvedl webin\u00e1\u0159 s&nbsp;pan\u00ed Miriam Mouryc z&nbsp;pam\u00e1tn\u00edku Yad-Vashem v&nbsp;Jeruzal\u00e9m\u011b: uk\u00e1zala n\u00e1m dochovan\u00e9 obrazy a&nbsp;skici z&nbsp;tohoto obdob\u00ed a&nbsp;vysv\u011btlila jejich symboliku i&nbsp;vysokou dokumenta\u010dn\u00ed hodnotu. \u00dakolem student\u016f bylo pokusit se vytvo\u0159it n\u011bjak\u00e9 &#8230; <a title=\"Kulturou proti antisemitismu 2023\" class=\"read-more\" href=\"https:\/\/www.gymhorice.cz\/?p=15948\" aria-label=\"\u010c\u00edst v\u00edce o Kulturou proti antisemitismu 2023\">p\u0159e\u010d\u00edst v\u0161e<\/a><\/p>\n","protected":false},"author":11,"featured_media":0,"comment_status":"closed","ping_status":"closed","sticky":false,"template":"","format":"standard","meta":{"ngg_post_thumbnail":0,"footnotes":""},"categories":[2],"tags":[36],"class_list":["post-15948","post","type-post","status-publish","format-standard","hentry","category-aktuality","tag-akce"],"_links":{"self":[{"href":"https:\/\/www.gymhorice.cz\/index.php?rest_route=\/wp\/v2\/posts\/15948","targetHints":{"allow":["GET"]}}],"collection":[{"href":"https:\/\/www.gymhorice.cz\/index.php?rest_route=\/wp\/v2\/posts"}],"about":[{"href":"https:\/\/www.gymhorice.cz\/index.php?rest_route=\/wp\/v2\/types\/post"}],"author":[{"embeddable":true,"href":"https:\/\/www.gymhorice.cz\/index.php?rest_route=\/wp\/v2\/users\/11"}],"replies":[{"embeddable":true,"href":"https:\/\/www.gymhorice.cz\/index.php?rest_route=%2Fwp%2Fv2%2Fcomments&post=15948"}],"version-history":[{"count":7,"href":"https:\/\/www.gymhorice.cz\/index.php?rest_route=\/wp\/v2\/posts\/15948\/revisions"}],"predecessor-version":[{"id":15962,"href":"https:\/\/www.gymhorice.cz\/index.php?rest_route=\/wp\/v2\/posts\/15948\/revisions\/15962"}],"wp:attachment":[{"href":"https:\/\/www.gymhorice.cz\/index.php?rest_route=%2Fwp%2Fv2%2Fmedia&parent=15948"}],"wp:term":[{"taxonomy":"category","embeddable":true,"href":"https:\/\/www.gymhorice.cz\/index.php?rest_route=%2Fwp%2Fv2%2Fcategories&post=15948"},{"taxonomy":"post_tag","embeddable":true,"href":"https:\/\/www.gymhorice.cz\/index.php?rest_route=%2Fwp%2Fv2%2Ftags&post=15948"}],"curies":[{"name":"wp","href":"https:\/\/api.w.org\/{rel}","templated":true}]}}