{"id":14981,"date":"2022-07-02T16:01:19","date_gmt":"2022-07-02T15:01:19","guid":{"rendered":"https:\/\/www.gymhorice.cz\/?p=14981"},"modified":"2022-07-05T16:04:58","modified_gmt":"2022-07-05T15:04:58","slug":"kratke-shrnuti-skolniho-roku","status":"publish","type":"post","link":"https:\/\/www.gymhorice.cz\/?p=14981","title":{"rendered":"Kr\u00e1tk\u00e9 shrnut\u00ed \u0161koln\u00edho roku"},"content":{"rendered":"<p>\u00dasp\u011b\u0161n\u00fd expedi\u010dn\u00ed v\u00fdjezd uzav\u0159el dal\u0161\u00ed \u0161koln\u00ed rok, pro na\u0161i \u0161kolu rok osm\u00fd. Byl to op\u011bt rok, v\u00a0n\u011bm\u017e<br \/>\nbylo v\u0161echno jinak. A&nbsp;i&nbsp;kdy\u017e n\u00e1m u\u010ditel\u016fm bylo jasn\u00e9, \u017ee po&nbsp;covidov\u00e9m uzav\u0159en\u00ed \u0161kol to nebude rok<br \/>\njednoduch\u00fd, p\u0159eci jen jsme ne\u010dekali, jak t\u011b\u017ek\u00fd bude.<br \/>\nPo&nbsp;pr\u00e1zdninov\u00e9m lad\u011bn\u00ed v\u00a0\u010cern\u00e9m Dole jsme se na n\u011bj p\u0159esto t\u011b\u0161ili. T\u011b\u0161en\u00ed ale t\u00e9m\u011b\u0159 okam\u017eit\u011b, 23.<br \/>\nsrpna, vyst\u0159\u00eddal dlouh\u00fd \u0161koln\u00ed smutek. S\u00a0Michalem, jeho\u017e \u017eivot ukon\u010dila tragick\u00e1 nehoda nedaleko<br \/>\nHo\u0159ic, jsme se lou\u010dili bolestn\u011b.<br \/>\nOd\u00a0z\u00e1\u0159\u00ed jsme pak postupn\u011b zji\u0161\u0165ovali, jak moc se uzav\u00edrka \u0161kol podepsala na fungov\u00e1n\u00ed \u0161koly \u2013 na<br \/>\n\u0161koln\u00edm spole\u010denstv\u00ed, \u0161koln\u00edch hodnot\u00e1ch, studijn\u00edch n\u00e1vyc\u00edch, v\u011bdomostech a&nbsp;v\u00fdsledc\u00edch, oby\u010dejn\u00e9<br \/>\nslu\u0161nosti. Hledali jsme se. Hledali jsme, jak navazovat na \u0161koln\u00ed tradice, jak spolu vych\u00e1zet, hledali<br \/>\njsme i&nbsp;hranice toho, co se m\u016f\u017ee a&nbsp;co u\u017e ne. V\u017edycky to bylo chvilku dobr\u00e9, a&nbsp;pak zase dost \u0161patn\u00e9. My<br \/>\nu\u010ditel\u00e9 jsme z\u00a0toho byli smutn\u00ed, ob\u010das i&nbsp;zd\u011b\u0161en\u00ed, a&nbsp;nev\u011bd\u011bli jsme, co s\u00a0t\u00edm a&nbsp;jak d\u00e1l.<br \/>\nOd podzimu pak op\u011bt covid, karant\u00e9ny, respir\u00e1tory a&nbsp;velk\u00e1 nemocnost. Do distance\/lockdownu ne\u0161la<br \/>\ntentokr\u00e1t cel\u00e1 republika, ale do karant\u00e9ny jsme se pos\u00edlali sami. Co bylo hor\u0161\u00ed nebo lep\u0161\u00ed, nev\u00edm.<br \/>\nA&nbsp;pak se to, zhruba n\u011bkdy v\u00a0prosinci, mo\u017en\u00e1 v\u00a0lednu za\u010dalo kone\u010dn\u011b obracet. Zazp\u00edvali jsme si na<br \/>\nschodech a&nbsp;pod schody, pop\u0159\u00e1li si k\u00a0V\u00e1noc\u016fm. A&nbsp;kdy\u017e jsme s\u00a0Jirkou jednou z\u00a0kraje nov\u00e9ho roku<br \/>\nodch\u00e1zeli nave\u010der dom\u016f z\u00a0potemn\u011bl\u00e9 \u0161koly, \u0159ekli jsme si, \u017ee je to za n\u00e1mi, \u017ee u\u017e to bude jenom lep\u0161\u00ed.<br \/>\nA&nbsp;ono to od t\u00e9 doby tak v\u00e1\u017en\u011b je\u2026 \ud83d\ude42<\/p>\n","protected":false},"excerpt":{"rendered":"<p>\u00dasp\u011b\u0161n\u00fd expedi\u010dn\u00ed v\u00fdjezd uzav\u0159el dal\u0161\u00ed \u0161koln\u00ed rok, pro na\u0161i \u0161kolu rok osm\u00fd. Byl to op\u011bt rok, v\u00a0n\u011bm\u017e bylo v\u0161echno jinak. A&nbsp;i&nbsp;kdy\u017e n\u00e1m u\u010ditel\u016fm bylo jasn\u00e9, \u017ee po&nbsp;covidov\u00e9m uzav\u0159en\u00ed \u0161kol to nebude rok jednoduch\u00fd, p\u0159eci jen jsme ne\u010dekali, jak t\u011b\u017ek\u00fd bude. Po&nbsp;pr\u00e1zdninov\u00e9m lad\u011bn\u00ed v\u00a0\u010cern\u00e9m Dole jsme se na n\u011bj p\u0159esto t\u011b\u0161ili. &#8230; <a title=\"Kr\u00e1tk\u00e9 shrnut\u00ed \u0161koln\u00edho roku\" class=\"read-more\" href=\"https:\/\/www.gymhorice.cz\/?p=14981\" aria-label=\"\u010c\u00edst v\u00edce o Kr\u00e1tk\u00e9 shrnut\u00ed \u0161koln\u00edho roku\">p\u0159e\u010d\u00edst v\u0161e<\/a><\/p>\n","protected":false},"author":2,"featured_media":0,"comment_status":"closed","ping_status":"closed","sticky":false,"template":"","format":"standard","meta":{"ngg_post_thumbnail":0,"footnotes":""},"categories":[2],"tags":[36],"class_list":["post-14981","post","type-post","status-publish","format-standard","hentry","category-aktuality","tag-akce"],"_links":{"self":[{"href":"https:\/\/www.gymhorice.cz\/index.php?rest_route=\/wp\/v2\/posts\/14981","targetHints":{"allow":["GET"]}}],"collection":[{"href":"https:\/\/www.gymhorice.cz\/index.php?rest_route=\/wp\/v2\/posts"}],"about":[{"href":"https:\/\/www.gymhorice.cz\/index.php?rest_route=\/wp\/v2\/types\/post"}],"author":[{"embeddable":true,"href":"https:\/\/www.gymhorice.cz\/index.php?rest_route=\/wp\/v2\/users\/2"}],"replies":[{"embeddable":true,"href":"https:\/\/www.gymhorice.cz\/index.php?rest_route=%2Fwp%2Fv2%2Fcomments&post=14981"}],"version-history":[{"count":1,"href":"https:\/\/www.gymhorice.cz\/index.php?rest_route=\/wp\/v2\/posts\/14981\/revisions"}],"predecessor-version":[{"id":14982,"href":"https:\/\/www.gymhorice.cz\/index.php?rest_route=\/wp\/v2\/posts\/14981\/revisions\/14982"}],"wp:attachment":[{"href":"https:\/\/www.gymhorice.cz\/index.php?rest_route=%2Fwp%2Fv2%2Fmedia&parent=14981"}],"wp:term":[{"taxonomy":"category","embeddable":true,"href":"https:\/\/www.gymhorice.cz\/index.php?rest_route=%2Fwp%2Fv2%2Fcategories&post=14981"},{"taxonomy":"post_tag","embeddable":true,"href":"https:\/\/www.gymhorice.cz\/index.php?rest_route=%2Fwp%2Fv2%2Ftags&post=14981"}],"curies":[{"name":"wp","href":"https:\/\/api.w.org\/{rel}","templated":true}]}}