{"id":14883,"date":"2022-04-24T17:01:55","date_gmt":"2022-04-24T16:01:55","guid":{"rendered":"https:\/\/www.gymhorice.cz\/?p=14883"},"modified":"2022-04-24T17:01:55","modified_gmt":"2022-04-24T16:01:55","slug":"ze-skolniho-dubnoveho-zivota","status":"publish","type":"post","link":"https:\/\/www.gymhorice.cz\/?p=14883","title":{"rendered":"Ze \u0161koln\u00edho dubnov\u00e9ho \u017eivota"},"content":{"rendered":"<p>Na Ho\u0159ick\u00e9m gymn\u00e1ziu jsme se v&nbsp;dubnu opravdu nenudili. Odstartovali jsme <span style=\"color: #3366ff;\">zdravo\u0165\u00e1kem<\/span>, kter\u00fd p\u0159ipravili studenti t\u0159et\u00edho a&nbsp;\u010dtvrt\u00e9ho ro\u010dn\u00edku pro mlad\u0161\u00ed spolu\u017e\u00e1ky a&nbsp;d\u011bti z&nbsp;hradeck\u00e9ho Hu\u010d\u00e1ku, <span style=\"color: #3366ff;\">ukl\u00edzeli jsme<\/span> aspo\u0148 trochu \u010cesko a&nbsp;druh\u00e1ci a&nbsp;t\u0159e\u0165\u00e1ci absolvovali v&nbsp;Z\u00e1meck\u00e9m are\u00e1lu<span style=\"color: #3366ff;\"> Ct\u011bnice odborn\u00fd interaktivn\u00ed program<\/span> Muzea m\u011bsta Prahy zam\u011b\u0159en\u00fd jednak na Langweil\u016fv model Prahy a&nbsp;jednak na historii m\u011bsta.<\/p>\n<p>Krom\u011b b\u011b\u017en\u00e9ho u\u010den\u00ed se d\u00e1le n\u011bkolik student\u016f z&nbsp;r\u016fzn\u00fdch ro\u010dn\u00edk\u016f \u00fa\u010dastnilo akce \u201e<span style=\"color: #3366ff;\">Kulturou proti antisemitismu, kulturou proti odsuzov\u00e1n\u00ed \u017did\u016f<\/span>\u201c. \u00da\u010dastnily se jak \u010desk\u00e9, tak n\u011bmeck\u00e9 \u0161koly. Procvi\u010dili jsme si jazyky a&nbsp;je\u0161t\u011b se n\u011bco p\u0159iu\u010dili. P\u0159edstavili jsme si Spravedliv\u00e9 mezi n\u00e1rody, lidi, kte\u0159\u00ed pomohli p\u0159i&nbsp;z\u00e1chran\u011b \u017eivot\u016f \u017did\u016f. Pro\u0161li jsme b\u00fdval\u00e9 \u017eidovsk\u00e9 ghetto v&nbsp;Praze, \u00fa\u010dastnili se Pochodu dobr\u00e9 v\u016fle, nav\u0161t\u00edvili Terez\u00edn a&nbsp;vedli rozhovor s&nbsp;Evou Erbenovou, p\u0159e\u017eiv\u0161\u00ed holokaustu. Odm\u011bnou n\u00e1m byla plavba lod\u00ed s&nbsp;ve\u010de\u0159\u00ed. Vr\u00e1tili jsme se se siln\u00fdmi z\u00e1\u017eitky.&nbsp;<\/p>\n<p>Ani v&nbsp;oblasti biologie jsme neleniv\u011bli, druh\u00e1ci se z\u00fa\u010dastnili <span style=\"color: #3366ff;\">ekologick\u00e9 olympi\u00e1dy<\/span> v&nbsp;Kr\u0148ovick\u00e9m skanzenu. Sout\u011b\u017e byla rozd\u011blena na t\u0159i \u010d\u00e1sti, nejprve psali test, pot\u00e9 je \u010dekala pozn\u00e1va\u010dka a&nbsp;n\u00e1sledn\u011b praktick\u00fd \u00fakol. V&nbsp;r\u00e1mci praktick\u00e9ho \u00fakolu m\u011bli sestavit n\u00e1vrh na rekultivaci p\u00edsn\u00edku Marok\u00e1nka v&nbsp;Kr\u0148ovic\u00edch. Sout\u011b\u017e\u00edc\u00ed se vydali i&nbsp;do ter\u00e9nu, aby po\u0159\u00e1dn\u011b prozkoumali p\u00edsn\u00edk a&nbsp;jeho zv\u00ed\u0159ec\u00ed i&nbsp;rostlinn\u00e9 obyvatelstvo. Druh\u00fd den sout\u011b\u017ee je \u010dekala komentovan\u00e1 prohl\u00eddka skanzenu, b\u011bhem kter\u00e9 si mohli prohl\u00e9dnout nap\u0159\u00edklad vodn\u00ed a&nbsp;v\u011btrn\u00fd ml\u00fdn. A\u010dkoliv na\u0161im student\u016fm \u0161t\u011bst\u00ed nep\u0159\u00e1lo a&nbsp;neum\u00edstili se na stupn\u00edch v\u00edt\u011bz\u016f, sout\u011b\u017e si n\u00e1ramn\u011b u\u017eili a&nbsp;odnesli si spoustu cenn\u00fdch zku\u0161enost\u00ed.<\/p>\n<p>Nevlezli jsme za kamna v&nbsp;b\u0159eznu, nez\u016fstali za nimi v&nbsp;dubnu a&nbsp;v&nbsp;m\u00e1jov\u00e9m l\u00e1sky \u010dase n\u00e1s toho \u010dek\u00e1 hodn\u011b zase. \ud83d\ude42<\/p>\n<p>P.S. O&nbsp;ly\u017ea\u0159sk\u00e9m v\u00fdjezdu jsme pro Ho\u0159ick\u00fd zpravodaj napsat nestihli, ale na na\u0161ich webovk\u00e1ch spln\u011bno m\u00e1me.<\/p>\n<p>&nbsp;<\/p>\n<p>Studenti Ho\u0159ick\u00e9ho gymn\u00e1zia<\/p>\n","protected":false},"excerpt":{"rendered":"<p>Na Ho\u0159ick\u00e9m gymn\u00e1ziu jsme se v&nbsp;dubnu opravdu nenudili. Odstartovali jsme zdravo\u0165\u00e1kem, kter\u00fd p\u0159ipravili studenti t\u0159et\u00edho a&nbsp;\u010dtvrt\u00e9ho ro\u010dn\u00edku pro mlad\u0161\u00ed spolu\u017e\u00e1ky a&nbsp;d\u011bti z&nbsp;hradeck\u00e9ho Hu\u010d\u00e1ku, ukl\u00edzeli jsme aspo\u0148 trochu \u010cesko a&nbsp;druh\u00e1ci a&nbsp;t\u0159e\u0165\u00e1ci absolvovali v&nbsp;Z\u00e1meck\u00e9m are\u00e1lu Ct\u011bnice odborn\u00fd interaktivn\u00ed program Muzea m\u011bsta Prahy zam\u011b\u0159en\u00fd jednak na Langweil\u016fv model Prahy a&nbsp;jednak na historii m\u011bsta. &#8230; <a title=\"Ze \u0161koln\u00edho dubnov\u00e9ho \u017eivota\" class=\"read-more\" href=\"https:\/\/www.gymhorice.cz\/?p=14883\" aria-label=\"\u010c\u00edst v\u00edce o Ze \u0161koln\u00edho dubnov\u00e9ho \u017eivota\">p\u0159e\u010d\u00edst v\u0161e<\/a><\/p>\n","protected":false},"author":2,"featured_media":0,"comment_status":"closed","ping_status":"closed","sticky":false,"template":"","format":"standard","meta":{"ngg_post_thumbnail":0,"footnotes":""},"categories":[2],"tags":[36],"class_list":["post-14883","post","type-post","status-publish","format-standard","hentry","category-aktuality","tag-akce"],"_links":{"self":[{"href":"https:\/\/www.gymhorice.cz\/index.php?rest_route=\/wp\/v2\/posts\/14883","targetHints":{"allow":["GET"]}}],"collection":[{"href":"https:\/\/www.gymhorice.cz\/index.php?rest_route=\/wp\/v2\/posts"}],"about":[{"href":"https:\/\/www.gymhorice.cz\/index.php?rest_route=\/wp\/v2\/types\/post"}],"author":[{"embeddable":true,"href":"https:\/\/www.gymhorice.cz\/index.php?rest_route=\/wp\/v2\/users\/2"}],"replies":[{"embeddable":true,"href":"https:\/\/www.gymhorice.cz\/index.php?rest_route=%2Fwp%2Fv2%2Fcomments&post=14883"}],"version-history":[{"count":1,"href":"https:\/\/www.gymhorice.cz\/index.php?rest_route=\/wp\/v2\/posts\/14883\/revisions"}],"predecessor-version":[{"id":14884,"href":"https:\/\/www.gymhorice.cz\/index.php?rest_route=\/wp\/v2\/posts\/14883\/revisions\/14884"}],"wp:attachment":[{"href":"https:\/\/www.gymhorice.cz\/index.php?rest_route=%2Fwp%2Fv2%2Fmedia&parent=14883"}],"wp:term":[{"taxonomy":"category","embeddable":true,"href":"https:\/\/www.gymhorice.cz\/index.php?rest_route=%2Fwp%2Fv2%2Fcategories&post=14883"},{"taxonomy":"post_tag","embeddable":true,"href":"https:\/\/www.gymhorice.cz\/index.php?rest_route=%2Fwp%2Fv2%2Ftags&post=14883"}],"curies":[{"name":"wp","href":"https:\/\/api.w.org\/{rel}","templated":true}]}}